{"id":2234,"date":"2019-04-11T15:36:29","date_gmt":"2019-04-11T13:36:29","guid":{"rendered":"http:\/\/www.valmiera.adventisti.lv\/?p=2234"},"modified":"2019-04-11T15:36:45","modified_gmt":"2019-04-11T13:36:45","slug":"pardomas-sagaidot-lieldienas","status":"publish","type":"post","link":"http:\/\/www.valmiera.adventisti.lv\/?p=2234","title":{"rendered":"P\u0101rdomas sagaidot Lieldienas"},"content":{"rendered":"<p>Tuvojas Lieldienu laiks, kad kristie\u0161i piemin J\u0113zus Kristus n\u0101ves un aug\u0161\u0101mcel\u0161an\u0101s notikumu. P\u0113c rad\u012b\u0161anas, tas ir vissvar\u012bg\u0101kais notikums visai cilv\u0113cei. Gr\u0113k\u0101 kri\u0161anas d\u0113\u013c, bez Kristus n\u0101ves un aug\u0161\u0101mcel\u0161an\u0101s  Dievs paliktu t\u0101ls un nepaz\u012bstams.  Bez \u0161\u012b notikuma nevienam neb\u016btu cer\u012bba l\u016bkoties p\u0101ri n\u0101vei, kapam un neb\u016btu ar\u012b Kristus apliecin\u0101t\u0101ji. Tom\u0113r, pateicoties Kristus uzvarai pie krusta, \u0161odien pasaul\u0113 iedz\u012bvot\u0101ju tre\u0161\u0101 da\u013ca ir kristie\u0161i.<\/p>\n<p>J\u0113zus pats \u0161o notikumu skaidroja ar v\u0101rdiem  (J\u0101\u0146a 3:16): \u201cJo tik \u013coti Dievs pasauli m\u012bl\u0113jis, ka Vi\u0146\u0161 devis Savu vienpiedzimu\u0161o D\u0113lu, lai neviens, kas Vi\u0146am tic, nepazustu, bet dab\u016btu m\u016b\u017e\u012bgo dz\u012bv\u012bbu\u2026\u201d<br \/>\n<!--more--><\/p>\n<p>T\u0101tad: \u201cpasaule ir Mana, un Es Esmu t\u0101s Dievs.\u201d T\u0101 M\u0101rti\u0146\u0161 Luters summ\u0113ja \u0161o Dieva neizsak\u0101mi skaisto v\u0113sti. Dieva person\u012bg\u0101 b\u016bt\u012bba ir m\u012blest\u012bba. No Dieva izpl\u016bsto\u0161\u0101 m\u012blest\u012bba ir atkl\u0101ta Vi\u0146a vienpiedzimu\u0161\u0101 D\u0113la do\u0161an\u0101 pasaulei. Pazi\u0146ojums, ka Dievs deva savu vienpiedzimu\u0161o D\u0113lu, nor\u0101da gan uz J\u0113zus dzim\u0161anu gan ar\u012b uz Vi\u0146a krusta n\u0101vi. Kad J\u0113zus mira pie krusta, t\u0101 bija pilna un dramatiska Dieva personisk\u0101s m\u012blest\u012bbas atkl\u0101sme. Tas nebija net\u012brs atgad\u012bjums, tas nebija notikums kur \u013caunumu j\u0101piedz\u012bvo k\u0101dam citam. Pravietis Jesaja paskaidro k\u0101p\u0113c J\u0113zum bija j\u0101mirst (Is. 53:3-5): <\/p>\n<p>\u201cVi\u0146\u0161 bija nicin\u0101ts, lab\u0101ki \u013caudis no vi\u0146a vair\u012bj\u0101s, v\u012brs, kam nebija sve\u0161as s\u0101pes un kas bija nor\u016bd\u012bts cie\u0161an\u0101s, t\u0101ds, kura priek\u0161\u0101 aizkl\u0101ja vaigu, t\u0101 nicin\u0101ts, ka m\u0113s vi\u0146u ne par ko netur\u0113j\u0101m. Ta\u010du vi\u0146\u0161 nesa m\u016bsu s\u0113rgas un cie\u0161anas, un m\u016bsu s\u0101pes vi\u0146\u0161 bija uzkr\u0101vis sev, kurpret\u012b m\u0113s vi\u0146u uzskat\u012bj\u0101m par sod\u012btu, Dieva satriektu un nomoc\u012btu. Vi\u0146\u0161 bija ievainots m\u016bsu p\u0101rk\u0101pumu d\u0113\u013c un m\u016bsu gr\u0113ku d\u0113\u013c satriekts. M\u016bsu sods bija uzlikts vi\u0146am mums par atpest\u012b\u0161anu, ar vi\u0146a br\u016bc\u0113m m\u0113s esam dziedin\u0101ti.\u201d<\/p>\n<p>Tagad Dievu m\u0113s paz\u012btam k\u0101 Dievu kur\u0161 ir gan T\u0113vs gan D\u0113ls. K\u0101 tas J\u0101\u0146a eva\u0146\u0123\u0113lija ievad\u0101 teikts : \u201cV\u0101rds tapa miesa un m\u0101joja m\u016bsu vid\u016b, un m\u0113s skat\u012bj\u0101m vi\u0146a god\u012bbu, t\u0101du god\u012bbu k\u0101 T\u0113va vienpiedzimu\u0161ajam D\u0113lam, pilnu \u017e\u0113last\u012bbas un paties\u012bbas.\u201d <\/p>\n<p>Dieva m\u012blest\u012bba kaut ar\u012b t\u0101 bag\u0101ti piedz\u012bvota tic\u012bgajos, tom\u0113r t\u0101 neaprobe\u017eojas ar krist\u012bgo draudzi. Teksts nesaka, ka Dievs tik \u013coti m\u012bl\u0113ja draudzi, vai ka Dievs tik \u013coti m\u012bl\u0113ja uztic\u012bgos, vai ka Dievs tik \u013coti m\u012bl\u0113ja sirds skaidros, bet las\u0101m \u201cjo tik \u013coti Dievs pasauli m\u012bl\u0113ja\u2026\u201d Ar \u0161iem v\u0101rdiem ir pateikts, ka Dieva m\u012blest\u012bba izpl\u016bst t\u0101l\u0101k par Vi\u0146a draudzi. Tas ir st\u0101sts par Dieva dzi\u013co un visu aptvero\u0161o m\u012blest\u012bbu uz pasaules iem\u012btniekiem. Dieva m\u012blest\u012bba ietver ikvienu cilv\u0113ku, pat ar\u012b tos kuri \u201cm\u012bl tums\u012bbu vair\u0101k k\u0101 gaismu\u201d.<\/p>\n<p>Bet tie kas atsaucas \u0161ai m\u012blest\u012bbai, kam pat\u012bk n\u0101kt pie gaismas, kas uzl\u016bko un pa\u013caujas uz paaugstin\u0101to, krust\u0101 sisto Dieva D\u0113lu, kuri tic J\u0113zum un dz\u012bvo saska\u0146\u0101 ar Vi\u0146a izteikto V\u0101rdu, ir cilv\u0113ki kuri ne tikai priec\u0101jas par m\u016b\u017e\u012bg\u0101s dz\u012bv\u012bbas d\u0101vanu, bet ar\u012b tiek p\u0101rv\u0113rsti par Dieva b\u0113rniem. Un t\u0101 varam secin\u0101t, ka Kristus krusta notikums ir k\u0101 vien\u012bg\u0101s k\u0101pnes starp debes\u012bm un zemi. Bet \u013caunums ar to v\u0113l nav dziedin\u0101ts t\u0101 autom\u0101tiski. T\u0101p\u0113c ka \u013caunums ir dzi\u013ci nosl\u0113pies katr\u0101 no mums. Lai notiktu dziedin\u0101\u0161ana mums sevi j\u0101ietver proces\u0101. Tas nenoz\u012bm\u0113 ka mums j\u0101p\u016blas arvien smag\u0101k lai k\u013c\u016btu par labiem. T\u0101 var\u0113tu censties iem\u0101c\u012bt \u010d\u016bsku dzied\u0101t. Vien\u012bgais ko m\u0113s var\u0113tu dar\u012bt ir tas ko J\u0113zus ieteica Nikod\u0113mam uzl\u016bkot un uztic\u0113ties J\u0113zum, p\u0101rdom\u0101t par Dieva gl\u0101bjo\u0161o m\u012blest\u012bbu un pa\u013cauties uz Vi\u0146u. <\/p>\n<p>Dieva b\u0113rns ik dienas atz\u012bs savus p\u0101rk\u0101pumus un l\u016bgs piedo\u0161anu Dievam par tiem, jo Dievs ir devis nep\u0101rprotamu apsol\u012bjumu (1.J\u0101\u0146a 1:9): \u201cJa atz\u012bstamies savos gr\u0113kos, tad Vi\u0146\u0161 ir uztic\u012bgs un taisns, ka Vi\u0146\u0161 mums piedod gr\u0113kus un \u0161\u0137\u012bsta m\u016bs no visas netaisn\u012bbas.\u201d Jo tuv\u0101k iepaz\u012bsim Dievu jo spilgt\u0101k paman\u012bsim m\u016bsu gr\u0113c\u012bgumu un vair\u0101k iepaz\u012bsim Dieva \u017e\u0113last\u012bbas bag\u0101t\u012bbu \u2013 piedz\u012bvosim piedo\u0161anas mieru. Un t\u0101 \u0161is process turpin\u0101sies l\u012bdz Kristus n\u0101ks otrreiz uz \u0161o zemi. <\/p>\n<p>Un tad pav\u0113rsies v\u0113l negaid\u012bt\u0101ka aina. Tas notiks tad kad J\u0113zus n\u0101ks otrreiz uz \u0161o zemi(1 J\u0146 3:2): \u201cM\u012b\u013cotie, tagad m\u0113s esam Dieva b\u0113rni, un v\u0113l nav atkl\u0101jies, kas m\u0113s b\u016bsim. Zin\u0101m, ka tad, kad tas atkl\u0101sies, m\u0113s b\u016bsim l\u012bdz\u012bgi vi\u0146am, m\u0113s redz\u0113sim vi\u0146u t\u0101du, k\u0101ds vi\u0146\u0161 ir.\u201d (1 Kor 13:12) \u201cM\u0113s tagad visu redzam m\u012bklaini, k\u0101 spogul\u012b, bet tad vaigu vaig\u0101; tagad es atz\u012bstu tik pa da\u013cai, bet tad atz\u012b\u0161u piln\u012bgi, k\u0101 es pats esmu atz\u012bts.\u201d<\/p>\n","protected":false},"excerpt":{"rendered":"<p>Tuvojas Lieldienu laiks, kad kristie\u0161i piemin J\u0113zus Kristus n\u0101ves un aug\u0161\u0101mcel\u0161an\u0101s notikumu. P\u0113c rad\u012b\u0161anas, tas ir vissvar\u012bg\u0101kais notikums visai cilv\u0113cei. Gr\u0113k\u0101 kri\u0161anas d\u0113\u013c, bez Kristus n\u0101ves un aug\u0161\u0101mcel\u0161an\u0101s Dievs paliktu t\u0101ls un nepaz\u012bstams. Bez \u0161\u012b notikuma nevienam neb\u016btu cer\u012bba l\u016bkoties p\u0101ri n\u0101vei, kapam un neb\u016btu ar\u012b Kristus apliecin\u0101t\u0101ji. Tom\u0113r, pateicoties Kristus uzvarai pie krusta, \u0161odien [&hellip;]<\/p>\n","protected":false},"author":5,"featured_media":0,"comment_status":"open","ping_status":"open","sticky":false,"template":"","format":"standard","meta":{"jetpack_post_was_ever_published":false,"_jetpack_newsletter_access":"","_jetpack_dont_email_post_to_subs":false,"_jetpack_newsletter_tier_id":0,"footnotes":""},"categories":[15],"tags":[],"class_list":["post-2234","post","type-post","status-publish","format-standard","hentry","category-garigums"],"jetpack_featured_media_url":"","jetpack_shortlink":"https:\/\/wp.me\/pcEKB-A2","jetpack_sharing_enabled":true,"_links":{"self":[{"href":"http:\/\/www.valmiera.adventisti.lv\/index.php?rest_route=\/wp\/v2\/posts\/2234","targetHints":{"allow":["GET"]}}],"collection":[{"href":"http:\/\/www.valmiera.adventisti.lv\/index.php?rest_route=\/wp\/v2\/posts"}],"about":[{"href":"http:\/\/www.valmiera.adventisti.lv\/index.php?rest_route=\/wp\/v2\/types\/post"}],"author":[{"embeddable":true,"href":"http:\/\/www.valmiera.adventisti.lv\/index.php?rest_route=\/wp\/v2\/users\/5"}],"replies":[{"embeddable":true,"href":"http:\/\/www.valmiera.adventisti.lv\/index.php?rest_route=%2Fwp%2Fv2%2Fcomments&post=2234"}],"version-history":[{"count":1,"href":"http:\/\/www.valmiera.adventisti.lv\/index.php?rest_route=\/wp\/v2\/posts\/2234\/revisions"}],"predecessor-version":[{"id":2235,"href":"http:\/\/www.valmiera.adventisti.lv\/index.php?rest_route=\/wp\/v2\/posts\/2234\/revisions\/2235"}],"wp:attachment":[{"href":"http:\/\/www.valmiera.adventisti.lv\/index.php?rest_route=%2Fwp%2Fv2%2Fmedia&parent=2234"}],"wp:term":[{"taxonomy":"category","embeddable":true,"href":"http:\/\/www.valmiera.adventisti.lv\/index.php?rest_route=%2Fwp%2Fv2%2Fcategories&post=2234"},{"taxonomy":"post_tag","embeddable":true,"href":"http:\/\/www.valmiera.adventisti.lv\/index.php?rest_route=%2Fwp%2Fv2%2Ftags&post=2234"}],"curies":[{"name":"wp","href":"https:\/\/api.w.org\/{rel}","templated":true}]}}