{"id":1283,"date":"2013-01-21T16:35:35","date_gmt":"2013-01-21T14:35:35","guid":{"rendered":"http:\/\/www.valmiera.adventisti.lv\/?p=1283"},"modified":"2013-01-24T11:19:11","modified_gmt":"2013-01-24T09:19:11","slug":"seminars-valmiera","status":"publish","type":"post","link":"https:\/\/www.valmiera.adventisti.lv\/?p=1283","title":{"rendered":"Semin\u0101rs Valmier\u0101"},"content":{"rendered":"<p><a href=\"http:\/\/www.valmiera.adventisti.lv\/wp-content\/uploads\/2013\/01\/afisha_01.jpg\" title=\"Br\u012bnumi Valmierai\" rel=\"lytebox\"><img loading=\"lazy\" decoding=\"async\" src=\"http:\/\/www.valmiera.adventisti.lv\/wp-content\/uploads\/2013\/01\/afisha_01.jpg\" border=\"0\" width=\"450\" height=\"637\" style=\"float: right; margin: 5px; padding: 7px; border: 1px solid #cccccc;\" \/><\/a><\/p>\n<h2>Semin\u0101ru cikls \u201e7 br\u012bnumi Valmierai\u201d<\/h2>\n<p>\u201e7 br\u012bnumi Valmierai\u201d &#8211; gar\u012bgu semin\u0101ru cikls, kur\u0101 ikviens var g\u016bt jaunas atzi\u0146as par B\u012bbeli \u2013 Dieva v\u0101rdu.<br \/>B\u012bbele &#8211; v\u0113stur\u0113 visvair\u0101k izdot\u0101 gr\u0101mata, tulkota vair\u0101k k\u0101 2000 valod\u0101s, \u012bsta d\u0101rgumu kr\u0101tuve ikvienam. B\u012bbeles t\u0113mas vienm\u0113r ir aktu\u0101las.<br \/>Semin\u0101rs norisin\u0101sies br\u012bv\u0101 atmosf\u0113r\u0101 Me\u017ea iel\u0101 7, Valmier\u0101.<br \/>Semin\u0101rus vad\u012bs teologi: Aldis Z\u0113mele un Valdis Zilgalvis. Sestdien\u0101s b\u016bs tik\u0161an\u0101s ar\u012b ar pieredz\u0113ju\u0161u \u0123ime\u0146u konsultanti Valdu Re\u0137i.<br \/>B\u016bs dzirdami Valmieras adventistu v\u012bru kvarteta priek\u0161nesumi.<br \/>Tie, kuri apmekl\u0113s vair\u0101kas semin\u0101ra nodarb\u012bbas, nosl\u0113gum\u0101 sa\u0146ems v\u0113rt\u012bgas piemi\u0146as d\u0101vanas.<br \/>Semin\u0101ri norisin\u0101sies no 25. janv\u0101ra l\u012bdz 2. martam katru piektdienas un sestdienas vakaru, plkst 18:00.<br \/>Un tas viss &#8211; bez maksas.<\/p>\n<h2>Semin\u0101ra t\u0113mas (no J\u0101\u0146a eva\u0146\u0123\u0113lija)<\/h2>\n<p><!--more--><\/p>\n<p>Pk., 25. janv\u0101ris. Rad\u012bt\u0101js. K\u0101 cilv\u0113ki jut\u0101s Vi\u0146a kl\u0101tb\u016btn\u0113 (vada V. Zilgalvis, A. Z\u0113mele)?<br \/>Se., 26. janv\u0101ris. Pirmais br\u012bnums &#8211; \u016bdens  p\u0101rv\u0113r\u0161ana v\u012bn\u0101 (vada V. Zilgalvis). Prasme b\u016bt prec\u0113tam (vada V. Re\u0137e).<\/p>\n<p>Pk., 1. febru\u0101ris. K\u0101 var notikt p\u0101rmai\u0146a (vada V. Zilgalvis, A. Z\u0113mele)?<br \/>Se., 2. febru\u0101ris. D\u0113la dziedin\u0101\u0161ana (vada V. Zilgalvis, A. Z\u0113mele). Prasme run\u0101t m\u012blest\u012bbas valod\u0101s &#8211; I da\u013ca (vada V. Re\u0137e).<\/p>\n<p>Pk., 8. febru\u0101ris. Tre\u0161ais br\u012bnums &#8211; paraliz\u0113t\u0101 piecel\u0161ana (vada V. Zilgalvis, A. Z\u0113mele).<br \/>Se., 9. febru\u0101ris. Sv\u0113tie raksti apliecin\u0101jums par Kristu (vada V. Zilgalvis, A. Z\u0113mele). Prasme run\u0101t m\u012blest\u012bbas valod\u0101s &#8211; II da\u013ca (vada V. Re\u0137e)<\/p>\n<p>Pk., 15. febru\u0101ris. Ceturtais br\u012bnums &#8211; p\u016b\u013ca pa\u0113din\u0101\u0161ana (vada V. Zilgalvis, A. Z\u0113mele).<br \/>Se., 16. febru\u0101ris. Piektais br\u012bnums &#8211; j\u016bras nomierin\u0101\u0161ana (vada V. Zilgalvis, A. Z\u0113mele). Prasme san\u0101kt pie \u0123imenes galda (vada V. Re\u0137e)<\/p>\n<p>Pk., 22. febru\u0101ris. Sestais br\u012bnums &#8211; akl\u0101 dziedin\u0101\u0161ana (vada V. Zilgalvis, A. Z\u0113mele).<br \/>Se., 3. febru\u0101ris. Sv\u0113t\u0101 Gara kl\u0101tb\u016btne (vada V. Zilgalvis, A. Z\u0113mele). Prasme g\u016bt \u0123imenes sv\u0113t\u012bbu (vada V. Re\u0137e)<\/p>\n<p>Pk., 1. marts. Sept\u012btais br\u012bnums &#8211; L\u0101cara aug\u0161\u0101mcel\u0161an\u0101s (vada V. Zilgalvis, A. Z\u0113mele).<br \/>Se., 2. marts. M\u0113s gribam J\u0113zu redz\u0113t (vada V. Zilgalvis, A. Z\u0113mele). Prasme invest\u0113t n\u0101kotnei (vada V. Re\u0137e)<\/p>\n<p>&#8220;..Kam sl\u0101pst, lai n\u0101k; kas grib, lai \u0146em dz\u012bv\u012bbas \u016bdeni bez maksas.&#8221; (Atkl. 22:17)<\/p>\n<p>Papildinform\u0101cija:<br \/>www.valmiera.adventisti.lv<br \/>www.twitter.com\/valm_adventisti<br \/>T. 29161233 (Aldis Z\u0113mele)<\/p>\n","protected":false},"excerpt":{"rendered":"<p>Semin\u0101ru cikls \u201e7 br\u012bnumi Valmierai\u201d \u201e7 br\u012bnumi Valmierai\u201d &#8211; gar\u012bgu semin\u0101ru cikls, kur\u0101 ikviens var g\u016bt jaunas atzi\u0146as par B\u012bbeli \u2013 Dieva v\u0101rdu.B\u012bbele &#8211; v\u0113stur\u0113 visvair\u0101k izdot\u0101 gr\u0101mata, tulkota vair\u0101k k\u0101 2000 valod\u0101s, \u012bsta d\u0101rgumu kr\u0101tuve ikvienam. B\u012bbeles t\u0113mas vienm\u0113r ir aktu\u0101las.Semin\u0101rs norisin\u0101sies br\u012bv\u0101 atmosf\u0113r\u0101 Me\u017ea iel\u0101 7, Valmier\u0101.Semin\u0101rus vad\u012bs teologi: Aldis Z\u0113mele un Valdis [&hellip;]<\/p>\n","protected":false},"author":5,"featured_media":0,"comment_status":"open","ping_status":"open","sticky":false,"template":"","format":"standard","meta":{"jetpack_post_was_ever_published":false,"_jetpack_newsletter_access":"","_jetpack_dont_email_post_to_subs":false,"_jetpack_newsletter_tier_id":0,"footnotes":""},"categories":[3],"tags":[],"class_list":["post-1283","post","type-post","status-publish","format-standard","hentry","category-pasakumi"],"jetpack_featured_media_url":"","jetpack_shortlink":"https:\/\/wp.me\/pcEKB-kH","jetpack_sharing_enabled":true,"_links":{"self":[{"href":"https:\/\/www.valmiera.adventisti.lv\/index.php?rest_route=\/wp\/v2\/posts\/1283","targetHints":{"allow":["GET"]}}],"collection":[{"href":"https:\/\/www.valmiera.adventisti.lv\/index.php?rest_route=\/wp\/v2\/posts"}],"about":[{"href":"https:\/\/www.valmiera.adventisti.lv\/index.php?rest_route=\/wp\/v2\/types\/post"}],"author":[{"embeddable":true,"href":"https:\/\/www.valmiera.adventisti.lv\/index.php?rest_route=\/wp\/v2\/users\/5"}],"replies":[{"embeddable":true,"href":"https:\/\/www.valmiera.adventisti.lv\/index.php?rest_route=%2Fwp%2Fv2%2Fcomments&post=1283"}],"version-history":[{"count":2,"href":"https:\/\/www.valmiera.adventisti.lv\/index.php?rest_route=\/wp\/v2\/posts\/1283\/revisions"}],"predecessor-version":[{"id":1285,"href":"https:\/\/www.valmiera.adventisti.lv\/index.php?rest_route=\/wp\/v2\/posts\/1283\/revisions\/1285"}],"wp:attachment":[{"href":"https:\/\/www.valmiera.adventisti.lv\/index.php?rest_route=%2Fwp%2Fv2%2Fmedia&parent=1283"}],"wp:term":[{"taxonomy":"category","embeddable":true,"href":"https:\/\/www.valmiera.adventisti.lv\/index.php?rest_route=%2Fwp%2Fv2%2Fcategories&post=1283"},{"taxonomy":"post_tag","embeddable":true,"href":"https:\/\/www.valmiera.adventisti.lv\/index.php?rest_route=%2Fwp%2Fv2%2Ftags&post=1283"}],"curies":[{"name":"wp","href":"https:\/\/api.w.org\/{rel}","templated":true}]}}