{"id":2297,"date":"2019-12-25T13:07:59","date_gmt":"2019-12-25T11:07:59","guid":{"rendered":"http:\/\/www.valmiera.adventisti.lv\/?p=2297"},"modified":"2019-12-25T13:10:19","modified_gmt":"2019-12-25T11:10:19","slug":"jums-sodien-dzimis-pestitajs","status":"publish","type":"post","link":"https:\/\/www.valmiera.adventisti.lv\/?p=2297","title":{"rendered":"Jums \u0161odien dzimis Pest\u012bt\u0101js"},"content":{"rendered":"<p><img decoding=\"async\" src=\"http:\/\/www.valmiera.adventisti.lv\/wp-content\/uploads\/2019\/12\/001.jpeg\" alt=\"\" width=\"480\" height=\"auto\" class=\"aligncenter size-full wp-image-2298\" srcset=\"https:\/\/www.valmiera.adventisti.lv\/wp-content\/uploads\/2019\/12\/001.jpeg 1000w, https:\/\/www.valmiera.adventisti.lv\/wp-content\/uploads\/2019\/12\/001-480x360.jpeg 480w, https:\/\/www.valmiera.adventisti.lv\/wp-content\/uploads\/2019\/12\/001-768x576.jpeg 768w\" sizes=\"(max-width: 1000px) 100vw, 1000px\" \/>\u201cJums \u0161odien dzimis Pest\u012bt\u0101js, kas ir Kristus, Kungs.\u201d \u2026 Gods Dievam augst\u012bb\u0101 un miers virs zemes cilv\u0113kiem pie k\u0101 vi\u0146am labs pr\u0101ts.\u201d<br \/>\nT\u0101 ir miera v\u0113sts. Pirm\u0101 pasaules kara laik\u0101 1914. gad\u0101 ziemassv\u0113tku priek\u0161vakar\u0101 ab\u0101s frontes pus\u0113s s\u0101ku\u0161i dzied\u0101t ziemassv\u0113tku dziesmas. Da\u017e\u0101s viet\u0101s sabiedroto karav\u012bri pat dzird\u0113ju\u0161i V\u0101cu p\u016bt\u0113ju or\u0137estrus pavadot priec\u012bgos ziemassv\u0113tku dzied\u0101jumus. R\u012btam austot v\u0101cu karav\u012bri s\u0101ku\u0161i skand\u0113t ienaidnieku valod\u0101s apsveikumus Priec\u012bgus ziemassv\u0113tkus, priec\u012bgus ziemassv\u0113tkus. Izn\u0101ku\u0161i no ierakumiem un apsk\u0101vu\u0161ies, pat da\u017e\u0101s viet\u0101s sp\u0113l\u0113ju\u0161i futbolu\u2026<br \/>\nLasot Betlemes st\u0101stu varam paman\u012bt, ka miera g\u016b\u0161anai \u0161eit ir iez\u012bm\u0113ta sadursme starp div\u0101m valst\u012bb\u0101m. Nav nejau\u0161i, ka zi\u0146ojuma ievad\u0101 eva\u0146\u0123\u0113lija rakst\u012bt\u0101js L\u016bkas par\u0101da v\u0113sturisko kontekstu. Romas imp\u0113rij\u0101 tautas skait\u012b\u0161ana notika ar divk\u0101r\u0161u m\u0113r\u0137i: lai noteiktu nodok\u013cu lielumu un izraudz\u012btos personas milit\u0101rajam dienestam.<br \/>\n<!--more--><br \/>\nT\u0101di J\u0113zus dzim\u0161anas notikum\u0101 pirmo reizi sastopas t\u0101 laika sp\u0113c\u012bg\u0101kais \u0161\u012bs pasaules imperators C\u0113zars Augusts un Debesu valst\u012bbas Valdnieks, kungu Kungs J\u0113zus Kristus. Protams, m\u0113s varam b\u016bt p\u0101rliecin\u0101ti, ka taj\u0101 br\u012bd\u012b C\u0113zaram Augustam nebija nek\u0101da nojausma par apsol\u012bt\u0101 b\u0113rna J\u0113zus eksistenci. Bet L\u016bka skaidri v\u0113st\u012b, ka puis\u0113na J\u0113zus piedzim\u0161ana ir mirklis, kad s\u0101kas sadursme starp Dieva valst\u012bbu un \u0161\u012bs pasaules imp\u0113rij\u0101m. N\u0101kam\u0101 gadsimta laik\u0101 Augusta p\u0113cte\u010di ne tikai bija dzird\u0113ju\u0161i par puis\u0113na piedzim\u0161anu, bet ar\u012b m\u0113\u0123in\u0101ja izn\u012bcin\u0101t Vi\u0146a sekot\u0101jus. Un tikai nedaudz vair\u0101k k\u0101 p\u0113c trim gadsimtiem pats Romas imperators Konstant\u012bns k\u013cuva par kristieti.<br \/>\nAr v\u0101rdiem \u201cJums \u0161odien dzimis Pest\u012bt\u0101js, kas ir Kristus, Kungs.\u201d ir pieteikts kar\u0161 ar\u012b m\u016bsu dv\u0113sel\u0113s, Dievs atn\u0101ca uz \u0161o zemi k\u0101 Pest\u012bt\u0101js k\u0101 Gl\u0101b\u0113js, lai m\u016bs gl\u0101btu no \u013caunuma varas. Bet gl\u0101b\u0161ana notiek skaudr\u0101 neredzam\u0101 c\u012b\u0146\u0101. B\u012bbeles p\u0113d\u0113j\u0101 gr\u0101mata norauj masku \u0161im neredzamam karam. Atkl\u0101smes gr\u0101mat\u0101 12 noda\u013c\u0101 simboliski tiek r\u0101d\u012bta sieva, kurai j\u0101dzemd\u0113, bet \u0161aj\u0101 vi\u0146as visv\u0101r\u012bg\u0101kaj\u0101 br\u012bd\u012b pret\u012b nost\u0101jies p\u016b\u0137is, kur\u0161 gatavojas apr\u012bt b\u0113rnu. Tom\u0113r tur  par\u0101d\u012bta B\u0113rna uzvaru: B\u0113rns dzimst, vi\u0146\u0161 uzvar p\u016b\u0137i veco \u010d\u016bsku velnu, k\u0101 J\u0113zus uzvar\u0113ja sav\u0101 jaun\u012bb\u0101, brieduma gados, kalpo\u0161an\u0101, un beidzot pie krusta aug\u0161\u0101mce\u013coties no n\u0101ves. Vi\u0146\u0161 tagad m\u0101jo pie Dieva T\u0113va. Kristus velnu ir uzvar\u0113jis un tagad g\u016bst uzvaru cilv\u0113ku sird\u012bs. \u0160odien pasaul\u0113 jau ir 2,3 miljardi dz\u012bvie kristie\u0161u pateicoties \u0161im J\u0113zus B\u0113rnam. Un k\u0101ds ir to skaits cilv\u0113ces v\u0113stur\u0113. Bet \u0161is iek\u0161\u0113jais kar\u0161 nav beidzies. Tas turpin\u0101s m\u016bsu dv\u0113sel\u0113s.<br \/>\nJ\u016bs jaut\u0101siet, pret k\u0101d\u0101m liet\u0101m Dieva valst\u012bba karo m\u016bsos?  Par to v\u0113st\u012b Marija slavas dziesm\u0101, ka cilv\u0113k\u0101 ir tr\u012bs galvenie kav\u0113k\u013ci Dieva valst\u012bbas n\u0101k\u0161anai &#8211; varas k\u0101re, presti\u017es un mantas k\u0101re. Marija run\u0101 tie\u0161i par \u0161iem \u0161\u0137\u0113r\u0161\u013ciem, kad piemin lepnos, varenos un bag\u0101tos. Vi\u0146a saka \u2013 Dievs tos ir izkl\u012bdin\u0101jis, nog\u0101zis un aizraid\u012bjis tuk\u0161\u0101.<br \/>\nTie\u0161i \u0161\u012b trijotne varas k\u0101re, presti\u017es un mantas k\u0101re padara sirdi nej\u016bt\u012bgu, liek pie\u0146emt egocentriskus l\u0113mumus un notrulina gar\u012bgo uztveri un ir \u013caunuma avots. Tie\u0161i \u0161\u012b trijotne rad\u012bjusi visne\u017e\u0113l\u012bg\u0101kos karus gan \u0123imen\u0113, sabiedr\u012bb\u0101 un tie ir p\u0101raugu\u0161i masveida izn\u012bcin\u0101\u0161anas karos. Nez k\u0101d\u0113\u013c gan Dieva tautas vado\u0146i pag\u0101tn\u0113, gan ar\u012b m\u0113s \u0161odien \u013caunumu lokaliz\u0113jam, sav\u0101 \u0137ermen\u012b, bet ne tur kur J\u0113zus to par\u0101d\u012bja kalna sv\u0113trun\u0101 &#8211; pr\u0101t\u0101, sird\u012b un gar\u0101. Tie\u0161i m\u016bsu pr\u0101ta un sirds gr\u0113ki ir tie, kas padara Lielo Att\u0113lu gandr\u012bz nesaskat\u0101mu.<br \/>\nTaj\u0101 viet\u0101 Dieva valst\u012bba v\u0113las ien\u0101kt m\u016bsos ar \u017e\u0113last\u012bbu ar nepeln\u012btu labv\u0113l\u012bbu no Dieva, kur\u0161 lielas lietas dara pie pazem\u012bgiem un piepilda izsalku\u0161os ar lab\u0101m liet\u0101m. Dieva \u017e\u0113last\u012bb\u0101 m\u0113s atrodam piedo\u0161anu un l\u012bdzj\u016bt\u012bbu paciet\u012bbu m\u016bsu v\u0101j\u012bb\u0101m un samait\u0101t\u012bbai. Dieva \u017e\u0113last\u012bb\u0101 m\u0113s tiekam audzin\u0101ti l\u012bdz\u012bgi J\u0113zus piem\u0113ram. B\u016bt paciet\u012bgiem un l\u012bdzj\u016bt\u012bgiem pret citiem. Un t\u0101 \u0161is b\u0113rns dzimst ar\u012b m\u016bsos.<br \/>\nUn t\u0101p\u0113c ir labi ieklaus\u012bties \u0161o vienk\u0101r\u0161o gani\u0146u aicin\u0101jum\u0101. Iesim uz Betl\u0113mi raudz\u012bt, kas noticis, ko Kungs mums ir pav\u0113st\u012bjis. P\u0101rcelsimies uz kluso necilo vietu, kur ieradies Pest\u012bt\u0101js tas Kungs, Dievs, pasaules Rad\u012bt\u0101js.<br \/>\nNesen kad karaliene Elizabete II apmekl\u0113ja Savienot\u0101s Valstis vi\u0146ai l\u012bdzi veda bag\u0101\u017eu, kura sv\u0113ra gandr\u012bz divas tonnas. Bez tam vi\u0146a sev l\u012bdzi veda person\u012bgo frizieri, divus sulai\u0146us un pulku da\u017e\u0101du citu kalpot\u0101ju. Karalisk\u0101s personas \u012bs\u0101 viz\u012bte izmaks\u0101ja apm\u0113ram 20 miljonus dol\u0101ru. Tur bija neskait\u0101mi t\u0113rpi, \u010detrdesmit pintes asins plazmas un tualetes poda pakl\u0101ji no balta kazl\u0113na \u0101das\u2026<br \/>\nSavuk\u0101rt Pasaules Rad\u012bt\u0101ju un valdnieku Valdnieku ierodoties apciemojot \u0161o plan\u0113tu gani\u0146i ieraudz\u012bja sil\u012bt\u0113, autos iet\u012btu. Un t\u0101 Ziemassv\u0113tku v\u0113st\u012bjums ir, ka Kristus n\u0101k pie katra no mums k\u0101 mazs b\u0113rns, tik mazs tik nevar\u012bgs izj\u016btot tik lielu vajadz\u012bbu p\u0113c m\u012blest\u012bbas. Tur nav spo\u017euma. Tur nav ar\u012b miljoniem dol\u0101ru, k\u0101 tas ir Anglijas karalienei. Bet tur bija Dievs.<br \/>\nVai m\u0113s esam gatavi uz\u0146emt sev\u012b Vi\u0146a pazem\u012bbu vienk\u0101r\u0161\u012bbu un \u017e\u0113lsird\u012bbu? Ar to m\u0113s pagodin\u0101sim Dievu\u2026 Tad ar\u012b miers ien\u0101ks m\u016bsu dz\u012bv\u0113. Tad ar priec\u012bg\u0101m ilg\u0101m var\u0113sim gaid\u012bt Vi\u0146a otro n\u0101k\u0161anu uz \u0161\u012bs zemes.<br \/>\nPriec\u012bgus, m\u012b\u013cus un miera pilnus Ziemassv\u0113tkus!<\/p>\n","protected":false},"excerpt":{"rendered":"<p>\u201cJums \u0161odien dzimis Pest\u012bt\u0101js, kas ir Kristus, Kungs.\u201d \u2026 Gods Dievam augst\u012bb\u0101 un miers virs zemes cilv\u0113kiem pie k\u0101 vi\u0146am labs pr\u0101ts.\u201d T\u0101 ir miera v\u0113sts. Pirm\u0101 pasaules kara laik\u0101 1914. gad\u0101 ziemassv\u0113tku priek\u0161vakar\u0101 ab\u0101s frontes pus\u0113s s\u0101ku\u0161i dzied\u0101t ziemassv\u0113tku dziesmas. Da\u017e\u0101s viet\u0101s sabiedroto karav\u012bri pat dzird\u0113ju\u0161i V\u0101cu p\u016bt\u0113ju or\u0137estrus pavadot priec\u012bgos ziemassv\u0113tku dzied\u0101jumus. R\u012btam [&hellip;]<\/p>\n","protected":false},"author":5,"featured_media":0,"comment_status":"open","ping_status":"open","sticky":false,"template":"","format":"standard","meta":{"jetpack_post_was_ever_published":false,"_jetpack_newsletter_access":"","_jetpack_dont_email_post_to_subs":false,"_jetpack_newsletter_tier_id":0,"footnotes":""},"categories":[16],"tags":[],"class_list":["post-2297","post","type-post","status-publish","format-standard","hentry","category-raksti"],"jetpack_featured_media_url":"","jetpack_shortlink":"https:\/\/wp.me\/pcEKB-B3","jetpack_sharing_enabled":true,"_links":{"self":[{"href":"https:\/\/www.valmiera.adventisti.lv\/index.php?rest_route=\/wp\/v2\/posts\/2297","targetHints":{"allow":["GET"]}}],"collection":[{"href":"https:\/\/www.valmiera.adventisti.lv\/index.php?rest_route=\/wp\/v2\/posts"}],"about":[{"href":"https:\/\/www.valmiera.adventisti.lv\/index.php?rest_route=\/wp\/v2\/types\/post"}],"author":[{"embeddable":true,"href":"https:\/\/www.valmiera.adventisti.lv\/index.php?rest_route=\/wp\/v2\/users\/5"}],"replies":[{"embeddable":true,"href":"https:\/\/www.valmiera.adventisti.lv\/index.php?rest_route=%2Fwp%2Fv2%2Fcomments&post=2297"}],"version-history":[{"count":5,"href":"https:\/\/www.valmiera.adventisti.lv\/index.php?rest_route=\/wp\/v2\/posts\/2297\/revisions"}],"predecessor-version":[{"id":2303,"href":"https:\/\/www.valmiera.adventisti.lv\/index.php?rest_route=\/wp\/v2\/posts\/2297\/revisions\/2303"}],"wp:attachment":[{"href":"https:\/\/www.valmiera.adventisti.lv\/index.php?rest_route=%2Fwp%2Fv2%2Fmedia&parent=2297"}],"wp:term":[{"taxonomy":"category","embeddable":true,"href":"https:\/\/www.valmiera.adventisti.lv\/index.php?rest_route=%2Fwp%2Fv2%2Fcategories&post=2297"},{"taxonomy":"post_tag","embeddable":true,"href":"https:\/\/www.valmiera.adventisti.lv\/index.php?rest_route=%2Fwp%2Fv2%2Ftags&post=2297"}],"curies":[{"name":"wp","href":"https:\/\/api.w.org\/{rel}","templated":true}]}}