{"id":2359,"date":"2020-03-18T14:18:45","date_gmt":"2020-03-18T12:18:45","guid":{"rendered":"http:\/\/www.valmiera.adventisti.lv\/?p=2359"},"modified":"2020-03-18T14:18:45","modified_gmt":"2020-03-18T12:18:45","slug":"lds-padomes-pazinojums-15-03-2020","status":"publish","type":"post","link":"https:\/\/www.valmiera.adventisti.lv\/?p=2359","title":{"rendered":"LDS padomes Pazi\u0146ojums. (15.03.2020.)"},"content":{"rendered":"<p align=\"left\">Jaun\u0101kais LR Ministru kabineta r\u012bkojums paredz, no \u0161\u012b gada 14. marta l\u012bdz 14. apr\u012blim, n<span style=\"text-decoration: underline;\">eatkar\u012bgi no apmekl\u0113t\u0101ju skaita,<\/span> atcelt un aizliegt<strong> <\/strong>visus SABIEDR\u012aBAI PUBLISKI PIEEJAMOS<strong>:<\/strong><\/p>\n<p align=\"left\">1<strong>. <\/strong>Sv\u0113tku, izklaides, kult\u016bras, sporta un atp\u016btas pas\u0101kumus, taj\u0101 skait\u0101, <span style=\"text-decoration: underline;\">reli\u0123isk\u0101s darb\u012bbas veik\u0161anu, pulc\u0113joties.<\/span><\/p>\n<p align=\"left\">2. Ierobe\u017eot NEORGANIZ\u0112TU PULC\u0112\u0160ANOS: kult\u016bras, izklaides, sporta, atp\u016btas un <span style=\"text-decoration: underline;\">reli\u0123isko nori\u0161u viet\u0101s<\/span> <span style=\"text-decoration: underline;\">vair\u0101k nek\u0101 50 cilv\u0113kiem.<\/span><\/p>\n<p align=\"left\"><strong> \u0145emot v\u0113r\u0101 \u0161o l\u0113mumu SDA Latvijas draud\u017eu savien\u012bbas padome, nol\u0113ma:<\/strong><\/p>\n<p align=\"left\">\u0100rk\u0101rtas situ\u0101cijas laik\u0101 dievkalpojumi Latvijas Adventistu draudz\u0113s <strong>kl\u0101tien\u0113 nenotiks<\/strong>, bet \u012bpa\u0161i sagatavotus dievkalpojumu ierakstus b\u016bs iesp\u0113ja v\u0113rot interneta tie\u0161saist\u0113, interneta m\u0101jas lap\u0101s, <a href=\"http:\/\/adventisti.lv\/\">adventisti.lv<\/a>, <a href=\"http:\/\/centradraudze.lv\/\">centradraudze.lv<\/a> un kan\u0101l\u0101 Youtube. P\u0101rraides notiks sestdien\u0101, jeb sabat\u0101, pl.10:00. Pirmaj\u0101 da\u013c\u0101 b\u016bs Sabatskolas diskusija (B\u012bbeles studijas) un pl.11:15 otraj\u0101 da\u013c\u0101 &#8211; sv\u0113truna. Taj\u0101 pa\u0161\u0101 laik\u0101, Valmier\u0101, G. Api\u0146a iel\u0101 4 dievnama z\u0101le no pl. 10:00 l\u012bdz 13:00 b\u016bs atv\u0113rta l\u016bg\u0161an\u0101m.<\/p>\n<p align=\"left\">Sekosim l\u012bdz m\u016bsu draudzes m\u0101jas lapai, kur tiks izvietotas t\u0101l\u0101k\u0101s nor\u0101des.<\/p>\n<p>Izlietosim \u0161o laiku, lai vair\u0101k l\u016bgtu, las\u012btu un pal\u012bdz\u0113tu saviem l\u012bdzcilv\u0113kiem rast mieru uzticoties Dievam un Vi\u0146a apsol\u012bjumiem!<\/p>\n<p>Lai Dieva gudr\u012bba, \u017e\u0113last\u012bba, apsardz\u012bba un Sv\u0113t\u0101 Gara vad\u012bba ir ar mums visiem!<\/p>\n<\/p>\n<p>Sv\u0113t\u012bbas v\u0113lot:<\/p>\n<p>Valdis Zilgalvis<\/p>\n","protected":false},"excerpt":{"rendered":"<p>Jaun\u0101kais LR Ministru kabineta r\u012bkojums paredz, no \u0161\u012b gada 14. marta l\u012bdz 14. apr\u012blim, neatkar\u012bgi no apmekl\u0113t\u0101ju skaita, atcelt un aizliegt visus SABIEDR\u012aBAI PUBLISKI PIEEJAMOS: 1. Sv\u0113tku, izklaides, kult\u016bras, sporta un atp\u016btas pas\u0101kumus, taj\u0101 skait\u0101, reli\u0123isk\u0101s darb\u012bbas veik\u0161anu, pulc\u0113joties. 2. Ierobe\u017eot NEORGANIZ\u0112TU PULC\u0112\u0160ANOS: kult\u016bras, izklaides, sporta, atp\u016btas un reli\u0123isko nori\u0161u viet\u0101s vair\u0101k nek\u0101 50 cilv\u0113kiem. [&hellip;]<\/p>\n","protected":false},"author":5,"featured_media":0,"comment_status":"open","ping_status":"open","sticky":false,"template":"","format":"standard","meta":{"jetpack_post_was_ever_published":false,"_jetpack_newsletter_access":"","_jetpack_dont_email_post_to_subs":false,"_jetpack_newsletter_tier_id":0,"footnotes":""},"categories":[14],"tags":[],"class_list":["post-2359","post","type-post","status-publish","format-standard","hentry","category-valstsunbaznica"],"jetpack_featured_media_url":"","jetpack_shortlink":"https:\/\/wp.me\/pcEKB-C3","jetpack_sharing_enabled":true,"_links":{"self":[{"href":"https:\/\/www.valmiera.adventisti.lv\/index.php?rest_route=\/wp\/v2\/posts\/2359","targetHints":{"allow":["GET"]}}],"collection":[{"href":"https:\/\/www.valmiera.adventisti.lv\/index.php?rest_route=\/wp\/v2\/posts"}],"about":[{"href":"https:\/\/www.valmiera.adventisti.lv\/index.php?rest_route=\/wp\/v2\/types\/post"}],"author":[{"embeddable":true,"href":"https:\/\/www.valmiera.adventisti.lv\/index.php?rest_route=\/wp\/v2\/users\/5"}],"replies":[{"embeddable":true,"href":"https:\/\/www.valmiera.adventisti.lv\/index.php?rest_route=%2Fwp%2Fv2%2Fcomments&post=2359"}],"version-history":[{"count":1,"href":"https:\/\/www.valmiera.adventisti.lv\/index.php?rest_route=\/wp\/v2\/posts\/2359\/revisions"}],"predecessor-version":[{"id":2360,"href":"https:\/\/www.valmiera.adventisti.lv\/index.php?rest_route=\/wp\/v2\/posts\/2359\/revisions\/2360"}],"wp:attachment":[{"href":"https:\/\/www.valmiera.adventisti.lv\/index.php?rest_route=%2Fwp%2Fv2%2Fmedia&parent=2359"}],"wp:term":[{"taxonomy":"category","embeddable":true,"href":"https:\/\/www.valmiera.adventisti.lv\/index.php?rest_route=%2Fwp%2Fv2%2Fcategories&post=2359"},{"taxonomy":"post_tag","embeddable":true,"href":"https:\/\/www.valmiera.adventisti.lv\/index.php?rest_route=%2Fwp%2Fv2%2Ftags&post=2359"}],"curies":[{"name":"wp","href":"https:\/\/api.w.org\/{rel}","templated":true}]}}