{"id":2369,"date":"2020-03-26T11:10:39","date_gmt":"2020-03-26T09:10:39","guid":{"rendered":"http:\/\/www.valmiera.adventisti.lv\/?p=2369"},"modified":"2020-03-26T11:11:03","modified_gmt":"2020-03-26T09:11:03","slug":"kad-saskaramies-ar-nezinamo","status":"publish","type":"post","link":"https:\/\/www.valmiera.adventisti.lv\/?p=2369","title":{"rendered":"Kad saskaramies ar nezin\u0101mo"},"content":{"rendered":"<p>Kad saskaramies ar nezin\u0101mo, ir labi atcer\u0113ties Izra\u0113la ce\u013cojumu cauri citu tautu teritorij\u0101m uz apsol\u012bto zemi. Izra\u0113lam toreiz nebija savas teritorijas. Dievs vi\u0146iem lika nest der\u012bbas \u0161\u0137irstu priek\u0161gal\u0101. Der\u012bbas \u0161\u0137ists bija Vi\u0146a kl\u0101tb\u016btnes simbols. T\u0101d\u0101 veid\u0101 lika vi\u0146iem apzin\u0101ties, ka Dievs vi\u0146us vada nezin\u0101maj\u0101. <\/p>\n<p>Jozus 3:11 las\u0101m:<\/p>\n<p>\u201cRedzi, T\u0101 Kunga, visas pasaules vald\u012bt\u0101ja, der\u012bbas \u0161\u0137irsts ies j\u016bsu priek\u0161\u0101 p\u0101ri Jord\u0101nai.\u201d<br \/>\n<!--more--><br \/>\nK\u0101d\u0113\u013c bija nepiecie\u0161ams zin\u0101t, ka Dievs ies vi\u0146u priek\u0161\u0101 p\u0101ri Jard\u0101nei? Turpat 3:4. pant\u0101 las\u0101m: \u201cjo j\u016bs \u0161o ce\u013cu v\u0113l nekad neesat g\u0101ju\u0161i\u2026\u201d T\u0101p\u0113c jums j\u0101zina, ka eju jums pa priek\u0161u. Vai tas m\u016bs neiedro\u0161ina. Lasot Jozus gr\u0101matu no pirm\u0101s l\u012bdz sestajai noda\u013cai, tur varam paman\u012bt, ka past\u0101v\u012bgi Dievs vi\u0146us iedro\u0161ina, ka Vi\u0146\u0161 iet pa priek\u0161u, ka Vi\u0146\u0161 ir ar vi\u0146iem, ka vi\u0146iem nav j\u0101baid\u0101s. Dievs ir ar vi\u0146iem, taj\u0101 nezin\u0101maj\u0101 un iepriek\u0161 neskartaj\u0101 teritorij\u0101. T\u0101 vi\u0146i tika ar to iedro\u0161in\u0101ti. <\/p>\n<p>T\u0101 v\u0113los visiem v\u0113st\u012bt, ka ir daudzi Dieva apsol\u012bjumi, kuri saka: \u201cEs b\u016b\u0161u ar Tevi, Es ie\u0161u tev pa priek\u0161u es vad\u012b\u0161u tevi tav\u0101 nezin\u0101maj\u0101 ce\u013c\u0101.\u201d <\/p>\n<p>Lai Dievs j\u016bs sv\u0113t\u012b!<\/p>\n","protected":false},"excerpt":{"rendered":"<p>Kad saskaramies ar nezin\u0101mo, ir labi atcer\u0113ties Izra\u0113la ce\u013cojumu cauri citu tautu teritorij\u0101m uz apsol\u012bto zemi. Izra\u0113lam toreiz nebija savas teritorijas. Dievs vi\u0146iem lika nest der\u012bbas \u0161\u0137irstu priek\u0161gal\u0101. Der\u012bbas \u0161\u0137ists bija Vi\u0146a kl\u0101tb\u016btnes simbols. T\u0101d\u0101 veid\u0101 lika vi\u0146iem apzin\u0101ties, ka Dievs vi\u0146us vada nezin\u0101maj\u0101. Jozus 3:11 las\u0101m: \u201cRedzi, T\u0101 Kunga, visas pasaules vald\u012bt\u0101ja, der\u012bbas \u0161\u0137irsts [&hellip;]<\/p>\n","protected":false},"author":5,"featured_media":0,"comment_status":"open","ping_status":"open","sticky":false,"template":"","format":"standard","meta":{"jetpack_post_was_ever_published":false,"_jetpack_newsletter_access":"","_jetpack_dont_email_post_to_subs":false,"_jetpack_newsletter_tier_id":0,"footnotes":""},"categories":[11],"tags":[],"class_list":["post-2369","post","type-post","status-publish","format-standard","hentry","category-ticiba"],"jetpack_featured_media_url":"","jetpack_shortlink":"https:\/\/wp.me\/pcEKB-Cd","jetpack_sharing_enabled":true,"_links":{"self":[{"href":"https:\/\/www.valmiera.adventisti.lv\/index.php?rest_route=\/wp\/v2\/posts\/2369","targetHints":{"allow":["GET"]}}],"collection":[{"href":"https:\/\/www.valmiera.adventisti.lv\/index.php?rest_route=\/wp\/v2\/posts"}],"about":[{"href":"https:\/\/www.valmiera.adventisti.lv\/index.php?rest_route=\/wp\/v2\/types\/post"}],"author":[{"embeddable":true,"href":"https:\/\/www.valmiera.adventisti.lv\/index.php?rest_route=\/wp\/v2\/users\/5"}],"replies":[{"embeddable":true,"href":"https:\/\/www.valmiera.adventisti.lv\/index.php?rest_route=%2Fwp%2Fv2%2Fcomments&post=2369"}],"version-history":[{"count":2,"href":"https:\/\/www.valmiera.adventisti.lv\/index.php?rest_route=\/wp\/v2\/posts\/2369\/revisions"}],"predecessor-version":[{"id":2371,"href":"https:\/\/www.valmiera.adventisti.lv\/index.php?rest_route=\/wp\/v2\/posts\/2369\/revisions\/2371"}],"wp:attachment":[{"href":"https:\/\/www.valmiera.adventisti.lv\/index.php?rest_route=%2Fwp%2Fv2%2Fmedia&parent=2369"}],"wp:term":[{"taxonomy":"category","embeddable":true,"href":"https:\/\/www.valmiera.adventisti.lv\/index.php?rest_route=%2Fwp%2Fv2%2Fcategories&post=2369"},{"taxonomy":"post_tag","embeddable":true,"href":"https:\/\/www.valmiera.adventisti.lv\/index.php?rest_route=%2Fwp%2Fv2%2Ftags&post=2369"}],"curies":[{"name":"wp","href":"https:\/\/api.w.org\/{rel}","templated":true}]}}