{"id":2379,"date":"2020-03-27T23:57:38","date_gmt":"2020-03-27T21:57:38","guid":{"rendered":"http:\/\/www.valmiera.adventisti.lv\/?p=2379"},"modified":"2020-03-27T23:57:38","modified_gmt":"2020-03-27T21:57:38","slug":"vispasaules-adventistu-draudzes-100-lugsanu-dienas-no-27-marta-lidz-4-julijam-2020-gada","status":"publish","type":"post","link":"https:\/\/www.valmiera.adventisti.lv\/?p=2379","title":{"rendered":"Vispasaules Adventistu draudzes 100 L\u016bg\u0161anu dienas no 27. marta l\u012bdz 4. j\u016blijam, 2020. gad\u0101."},"content":{"rendered":"<p>M\u012b\u013cie, l\u016bdzo\u0161ie draudzes locek\u013ci visa pasaul\u0113:<\/p>\n<p>Cik aizraujo\u0161s laiks v\u0113stur\u0113, lai tie\u0161i tagad dz\u012bvotu! Kam\u0113r vis\u0101 pasaul\u0113 \u013cau\u017eu sirdis pamirst izbail\u0113s, m\u0113s tic\u012bb\u0101 varam virz\u012bties uz priek\u0161u, savas acis v\u0113r\u0161ot uz J\u0113zu. Vi\u0146\u0161 visu kontrol\u0113! Nekas Vi\u0146u nep\u0101rsteidz &#8211; ne tornado, ne zemestr\u012bces, ne pl\u016bdi, ne ugunsgr\u0113ki, pat ne pand\u0113mija pasaul\u0113. Vi\u0146\u0161 joproj\u0101m atrodas Sav\u0101 tron\u012b.<br \/>\n<!--more--><br \/>\nNu jau daudzus m\u0113ne\u0161us tiek pl\u0101nota \u013coti \u012bpa\u0161a l\u016bg\u0161anu iniciat\u012bva, kuru sauc par 100 L\u016bg\u0161anu dien\u0101m. M\u0113s ticam, ka Dievs jau sen bija iepl\u0101nojis \u0161\u012bs 100 L\u016bg\u0161anu dienas tie\u0161i \u0161aj\u0101 laik\u0101. \u0160\u012b l\u016bg\u0161anu iniciat\u012bva, kas bija paredz\u0113ta no 2020.gada 27.marta l\u012bdz 4.j\u016blijam, s\u0101kotn\u0113ji bija pl\u0101nota, lai galvenok\u0101rt l\u016bgtu p\u0113c Sv\u0113t\u0101 Gara izlie\u0161an\u0101s 2020.gada \u0122ener\u0101lkonferences sesij\u0101 Indianpolis\u0113. Tom\u0113r tagad, kad m\u016bsu pasauli ir p\u0101rpludin\u0101jusi koronav\u012brusa pand\u0113mija l\u012bdz ar visiem t\u0101s izaicin\u0101jumiem, kur\u0161 laiks gan var\u0113tu b\u016bt v\u0113l lab\u0101ks, lai k\u0101 draudze spiestos kop\u0101 l\u016bg\u0161an\u0101s, mekl\u0113jot sp\u0113ku kr\u012bzes laik\u0101, k\u0101 ar\u012b Sv\u0113t\u0101 Gara sp\u0113ku m\u016bsu priek\u0161\u0101st\u0101vo\u0161ajai misijai.<\/p>\n<p>Es v\u0113los j\u016bs mudin\u0101t piedal\u012bties \u0161aj\u0101 \u013coti \u012bpa\u0161aj\u0101 l\u016bg\u0161anu iniciat\u012bv\u0101. Kaut ar\u012b \u0122ener\u0101lkonferences sesija vairs nenotiks 2020.gada j\u016bnij\u0101, k\u0101 s\u0101kotn\u0113ji tas bija pl\u0101nots (tagad t\u0101 pl\u0101nota 2021.gad\u0101 no 20. \u2013 25.maijam Indianapolisas konferen\u010du centr\u0101 &#8211; l\u016bdzu, sekojiet l\u012bdzi ANN vai Adventist Review m\u0101jas lapai, lai uzzin\u0101tu jaun\u0101k\u0101s zi\u0146as saist\u012bb\u0101 ar \u0122ener\u0101lkonferences sesiju), m\u0113s turpin\u0101sim l\u016bgt p\u0113c Sv\u0113t\u0101 Gara izlie\u0161an\u0101s m\u016bsu dz\u012bv\u0113s, m\u016bsu draudz\u0113s un m\u016bsu vad\u012bt\u0101ju dz\u012bv\u0113s. Turkl\u0101t, m\u0113s l\u016bgsim ar\u012b par visiem cilv\u0113kiem, kuri ir infic\u0113ju\u0161ies ar COVID-19 vai kuru m\u012b\u013cie cie\u0161. M\u0113s l\u016bgsim par tiem, kuri c\u012bn\u0101s, esot izol\u0101cij\u0101, l\u016bgsim p\u0113c gudr\u012bbas m\u016bsu valstu vad\u012bt\u0101jiem un par m\u016bsu draudzes misijas virz\u012bbu \u0161aj\u0101 sare\u017e\u0123\u012btaj\u0101 laik\u0101.  Katru dienu tiks l\u012bdzdal\u012btas k\u0101das konkr\u0113tas l\u016bg\u0161anu vajadz\u012bbas.<\/p>\n<p>Sagatavojot savas sirdis \u0161\u012bm 100 L\u016bg\u0161anu dien\u0101m, s\u0101kot no 2020.gada 27.marta, atcer\u0113simies apsol\u012bjumu, kas uzrakst\u012bts Jeremijas 29:13 \u201cKad j\u016bs Mani mekl\u0113sit, j\u016bs Mani atrad\u012bsit. Ja j\u016bs no visas sirds mani mekl\u0113sit.\u201d Tas Kungs saka v\u0113l ko mums: \u201cUn piesauc Mani b\u0113du laik\u0101, tad Es izgl\u0101b\u0161u tevi, un tev b\u016bs Mani god\u0101t!\u201d \/Psalms 50:15\/ K\u0101ds piem\u0113rots apsol\u012bjums \u0161odienai!<\/p>\n<p>M\u0113s esam pasaules kr\u012bzes vid\u016b. K\u0101 mums uz to rea\u0123\u0113t? Gr\u0101mat\u0101 \u201cPravie\u0161i un \u0137\u0113ni\u0146i\u201d m\u0113s redzam, k\u0101 Elija sav\u0101 laik\u0101 rea\u0123\u0113ja uz kr\u012bzi.<\/p>\n<p>\u201cT\u0101p\u0113c, ka Elijam bija liela tic\u012bba, Dievs to var\u0113ja izlietot Isra\u0113la v\u0113stures smagaj\u0101 kr\u012bzes laik\u0101. Vi\u0146am l\u016bdzot, t\u0101 tic\u012bba tiec\u0101s aug\u0161up un satv\u0113ra Debesu apsol\u012bjumus, un vi\u0146\u0161 past\u0101v\u0113ja l\u016bg\u0161an\u0101s, l\u012bdz t\u0101s tika atbild\u0113tas. Elija negaid\u012bja piln\u012bgu pier\u0101d\u012bjumu, ka Dievs vi\u0146u ir paklaus\u012bjis, bet bija gatavs r\u012bkoties jau pie maz\u0101k\u0101s dievi\u0161\u0137\u0101s labv\u0113l\u012bbas z\u012bmes. To pa\u0161u, ko Dieva vad\u012bb\u0101 sp\u0113ja paveikt Elija, \u0161odien, kalpojot Dievam, var izdar\u012bt ikviens, jo par Gile\u0101das kaln\u0101ju pravieti ir rakst\u012bts: \u201cElija bija cilv\u0113ks, l\u012bdz\u012bgs mums, bet l\u016bgdams l\u016bdza, lai lietus nel\u012btu, un nelija virs zemes tr\u012bs gadus un se\u0161us m\u0113ne\u0161us.\u201d (J\u0113k. 5:17)<\/p>\n<p>Tie\u0161i t\u0101da tic\u012bba pasaul\u0113 vajadz\u012bga \u0161odien \u2013 tic\u012bba, kas satver Dieva V\u0101rda apsol\u012bjumus un neatk\u0101pjas, kam\u0113r Debesis paklausa.\u201d \/E.Vaita, \u201c\u0136\u0113ni\u0146i un pravie\u0161i\u201d, 157.lpp.\/<\/p>\n<p>Dievs mekl\u0113 Elijas \u0161odien \u2013 v\u012brus un sievas, kuri tic\u012bb\u0101 l\u016bgs un tur\u0113sies pie apsol\u012bt\u0101 Dieva V\u0101rda! Esi viens no tiem, kas nep\u0101rst\u0101j l\u016bgt pirms Debesis paklausa.<\/p>\n<p>Kas m\u016bs sagaida 100 L\u016bg\u0161anu dien\u0101s?<br \/>\n\u00b7       Katru piektdienu (s\u0101kot no 27.marta un t\u0101 kopum\u0101 15 ned\u0113\u013cas) \u0122ener\u0101lkonference nos\u016bt\u012bs iedvesmojo\u0161u las\u012bjumu vai liec\u012bbu, kura sniegs cer\u012bbu un drosmi, mekl\u0113jot kop\u012bgi Dieva gudr\u012bbu m\u016bsu liel\u0101s vajadz\u012bbas laik\u0101.<br \/>\n\u00b7       Katru dienu vad\u012bt\u0101jiem tiks izs\u016bt\u012btas konkr\u0113tas aktu\u0101l\u0101s l\u016bg\u0161anu vajadz\u012bbas. Ar\u012b j\u016bsu draudze\/konference\/\u016bnija\/div\u012bzija var ies\u016bt\u012bt savu l\u016bg\u0161anu vajadz\u012bbu un tad par to tiks inform\u0113ti visi. Lai re\u0123istr\u0113tu savu vajadz\u012bbu, l\u016bdzu apmekl\u0113jiet sekojo\u0161u t\u012bmek\u013ca vietni: www.RevivalAndReformation<br \/>\n\u00b7       Katru ned\u0113\u013cu tiks ieteiktas un l\u012bdzdal\u012btas papildus gr\u0101matas un materi\u0101li, kuri jums pal\u012bdz\u0113s izveidot dzi\u013c\u0101kas attiec\u012bbas ar Dievu, k\u0101 ar\u012b misijas idejas \u0161im izaicino\u0161ajam laikam.<\/p>\n<p>Ir laiks l\u016bgt! Lai gan iesp\u0113jams, m\u0113s nesp\u0113sim l\u016bgt kl\u0101tien\u0113 kop\u012bgi ar savu draudzes \u0123imeni, joproj\u0101m ir daudz iesp\u0113jas k\u0101 savienoties elektroniski caur telefoniem, videokonferences zvaniem vai citiem pieejamajiem medijiem.<\/p>\n<p>Pat tad, kad ne vienm\u0113r esam kop\u0101, m\u0113s esam vienoti Sv\u0113taj\u0101 Gar\u0101, un l\u016bg\u0161anas var aiziet tur, kur m\u0113s \u0161obr\u012bd nesp\u0113jam.<\/p>\n<p>Tad nu l\u016bk, spied\u012bsimies kop\u0101 uz ce\u013ciem, mekl\u0113jot Dieva \u017e\u0113last\u012bbu, neatliekamo vajadz\u012bbu laik\u0101.<\/p>\n<p>Sv\u0113t\u012bgaj\u0101 cer\u012bb\u0101,<\/p>\n<p>Teds Vilsons un \u0122ener\u0101lkonferences L\u016bg\u0161anu noda\u013cas vad\u012bt\u0101ji<\/p>\n","protected":false},"excerpt":{"rendered":"<p>M\u012b\u013cie, l\u016bdzo\u0161ie draudzes locek\u013ci visa pasaul\u0113: Cik aizraujo\u0161s laiks v\u0113stur\u0113, lai tie\u0161i tagad dz\u012bvotu! Kam\u0113r vis\u0101 pasaul\u0113 \u013cau\u017eu sirdis pamirst izbail\u0113s, m\u0113s tic\u012bb\u0101 varam virz\u012bties uz priek\u0161u, savas acis v\u0113r\u0161ot uz J\u0113zu. Vi\u0146\u0161 visu kontrol\u0113! Nekas Vi\u0146u nep\u0101rsteidz &#8211; ne tornado, ne zemestr\u012bces, ne pl\u016bdi, ne ugunsgr\u0113ki, pat ne pand\u0113mija pasaul\u0113. Vi\u0146\u0161 joproj\u0101m atrodas Sav\u0101 [&hellip;]<\/p>\n","protected":false},"author":5,"featured_media":0,"comment_status":"open","ping_status":"open","sticky":false,"template":"","format":"standard","meta":{"jetpack_post_was_ever_published":false,"_jetpack_newsletter_access":"","_jetpack_dont_email_post_to_subs":false,"_jetpack_newsletter_tier_id":0,"footnotes":""},"categories":[14],"tags":[],"class_list":["post-2379","post","type-post","status-publish","format-standard","hentry","category-valstsunbaznica"],"jetpack_featured_media_url":"","jetpack_shortlink":"https:\/\/wp.me\/pcEKB-Cn","jetpack_sharing_enabled":true,"_links":{"self":[{"href":"https:\/\/www.valmiera.adventisti.lv\/index.php?rest_route=\/wp\/v2\/posts\/2379","targetHints":{"allow":["GET"]}}],"collection":[{"href":"https:\/\/www.valmiera.adventisti.lv\/index.php?rest_route=\/wp\/v2\/posts"}],"about":[{"href":"https:\/\/www.valmiera.adventisti.lv\/index.php?rest_route=\/wp\/v2\/types\/post"}],"author":[{"embeddable":true,"href":"https:\/\/www.valmiera.adventisti.lv\/index.php?rest_route=\/wp\/v2\/users\/5"}],"replies":[{"embeddable":true,"href":"https:\/\/www.valmiera.adventisti.lv\/index.php?rest_route=%2Fwp%2Fv2%2Fcomments&post=2379"}],"version-history":[{"count":1,"href":"https:\/\/www.valmiera.adventisti.lv\/index.php?rest_route=\/wp\/v2\/posts\/2379\/revisions"}],"predecessor-version":[{"id":2380,"href":"https:\/\/www.valmiera.adventisti.lv\/index.php?rest_route=\/wp\/v2\/posts\/2379\/revisions\/2380"}],"wp:attachment":[{"href":"https:\/\/www.valmiera.adventisti.lv\/index.php?rest_route=%2Fwp%2Fv2%2Fmedia&parent=2379"}],"wp:term":[{"taxonomy":"category","embeddable":true,"href":"https:\/\/www.valmiera.adventisti.lv\/index.php?rest_route=%2Fwp%2Fv2%2Fcategories&post=2379"},{"taxonomy":"post_tag","embeddable":true,"href":"https:\/\/www.valmiera.adventisti.lv\/index.php?rest_route=%2Fwp%2Fv2%2Ftags&post=2379"}],"curies":[{"name":"wp","href":"https:\/\/api.w.org\/{rel}","templated":true}]}}