{"id":2383,"date":"2020-03-30T12:38:39","date_gmt":"2020-03-30T10:38:39","guid":{"rendered":"http:\/\/www.valmiera.adventisti.lv\/?p=2383"},"modified":"2020-03-30T12:38:39","modified_gmt":"2020-03-30T10:38:39","slug":"dieva-klatesamiba","status":"publish","type":"post","link":"https:\/\/www.valmiera.adventisti.lv\/?p=2383","title":{"rendered":"Dieva kl\u0101tesam\u012bba"},"content":{"rendered":"<p>Luk 4:26<\/p>\n<p>\u201c\u0112lija netapa ne pie vienas s\u016bt\u012bts k\u0101 vien pie atraitnes Sarept\u0101, Sidonij\u0101.\u201d<\/p>\n<p>Karme\u013ca kalns bija \u013coti iespaid\u012bga vieta. Tagad uz kalna virsotnes st\u0101v Elijas statuja, kur\u0101 vi\u0146\u0161 ir pac\u0113lis zobenu pret Izabellas pravieti. Dievs no Debes\u012bm s\u016bt\u012bja uguni Elijas kalpo\u0161anas laik\u0101, r\u0101dot tautai, kur\u0161 ir \u012bstais Dievs. T\u0101du m\u0113s v\u0113lamies redz\u0113t Dieva pravieti: uzvaro\u0161u un sp\u0113c\u012bgu. Bet k\u0101 bija tad, kad vi\u0146\u0161 k\u013cuva v\u0101j\u0161, izbijies un nospiests? Vai Dievs v\u0113l tad turpin\u0101ja vad\u012bt vi\u0146u?<br \/>\n<!--more--><br \/>\nJ\u0113zus piemin Eliju sav\u0101 sabata r\u012bta sv\u0113trun\u0101 N\u0101caret\u0113: \u201cBija daudz atrait\u0146u Isra\u0113la zem\u0113 \u0112lijas dien\u0101s, kad debess bija aizsl\u0113gta tr\u012bs gadus un se\u0161us m\u0113ne\u0161us, t\u0101 ka liels bads n\u0101ca p\u0101r visu zemi, tom\u0113r \u0112lija netapa ne pie vienas s\u016bt\u012bts k\u0101 vien pie atraitnes Sarept\u0101, Sidonij\u0101\u201d (Lk 4:25-26). <\/p>\n<p>R\u0101dot \u012bpa\u0161u Dieva \u017e\u0113last\u012bbu \u0161ai vienai sievietei, J\u0113zus piev\u0113rsa uzman\u012bbu tam, ka \u0161aj\u0101 sausaj\u0101 period\u0101 \u0101rpus Izra\u0113la zemes Elija g\u0101ja atraitnes nam\u0101 Sarept\u0101, Sidonij\u0101. \u0160aj\u0101 nam\u0101 notika un turpin\u0101j\u0101s e\u013c\u013cas un miltu pieg\u0101des br\u012bnums. Elija pat no n\u0101ves piec\u0113la  atraitnes saimnieces d\u0113lu. Dievs t\u0101 vad\u012bja savu pravieti tur un tad atkal atpaka\u013c Izra\u0113l\u0101. Beidzot vi\u0146am bija j\u0101par\u0101d\u0101s Karme\u013ca kaln\u0101 un j\u0101izsauc lietu zemei. Dievs vienm\u0113r Eliju apg\u0101d\u0101ja ar visu nepiecie\u0161amo, dodot \u012bpa\u0161us nor\u0101d\u012bjumus, kur iet un k\u0101 p\u0101rst\u0101v\u0113t Dievu \u013caud\u012bm. Lai ar\u012b Dievs vi\u0146u r\u0101d\u012bja sp\u0113c\u012bgu pret Baala pravie\u0161iem, tom\u0113r Elija nobij\u0101s no no Izra\u0113la \u0137\u0113ni\u0146a Ah\u0101ba \u013caun\u0101s sievas Izabellas. Elija bija sevi izsm\u0113lis, nospiests un pat v\u0113l\u0113j\u0101s mirt. Bet Dievs nebija vi\u0146u pametis. Vi\u0146\u0161 s\u016bt\u012bja debesu v\u0113stnesi, kas atnesa \u0113dienu. Elija gul\u0113ja, \u0113da, un b\u0113ga l\u012bdz beidzot non\u0101ca pie Horeba kalna. Un tur Dievs vi\u0146am atkl\u0101ja sevi klus\u0101 \u2013 \u010duksto\u0161\u0101 bals\u012b. Vi\u0146am v\u0113l bija daudz j\u0101str\u0101d\u0101. Un Dievs b\u016bs  pal\u012bgs un nodro\u0161in\u0101s visu vajadz\u012bgo un vad\u012bs vi\u0146u t\u0101pat k\u0101 vienm\u0113r. <\/p>\n<p>Dievs, kur\u0161 run\u0101ja kaln\u0101 ir tas pats Dievs, kur\u0161 run\u0101 ielej\u0101. Dievs vienm\u0113r r\u016bp\u0113jas par mums pat ar\u012b tad, kad esam v\u0101ji. M\u0113s esam Vi\u0146a apsk\u0101vienos. Vi\u0146\u0161 k\u0101 m\u016bsu Gl\u0101b\u0113js, bija pat pie krusta ar mums viszem\u0101k\u0101 punkt\u0101, lai izdar\u012btu to, ko m\u0113s pa\u0161i nevar\u0113j\u0101m izdar\u012bt\u2026<\/p>\n","protected":false},"excerpt":{"rendered":"<p>Luk 4:26 \u201c\u0112lija netapa ne pie vienas s\u016bt\u012bts k\u0101 vien pie atraitnes Sarept\u0101, Sidonij\u0101.\u201d Karme\u013ca kalns bija \u013coti iespaid\u012bga vieta. Tagad uz kalna virsotnes st\u0101v Elijas statuja, kur\u0101 vi\u0146\u0161 ir pac\u0113lis zobenu pret Izabellas pravieti. Dievs no Debes\u012bm s\u016bt\u012bja uguni Elijas kalpo\u0161anas laik\u0101, r\u0101dot tautai, kur\u0161 ir \u012bstais Dievs. T\u0101du m\u0113s v\u0113lamies redz\u0113t Dieva pravieti: [&hellip;]<\/p>\n","protected":false},"author":5,"featured_media":0,"comment_status":"open","ping_status":"open","sticky":false,"template":"","format":"standard","meta":{"jetpack_post_was_ever_published":false,"_jetpack_newsletter_access":"","_jetpack_dont_email_post_to_subs":false,"_jetpack_newsletter_tier_id":0,"footnotes":""},"categories":[16],"tags":[],"class_list":["post-2383","post","type-post","status-publish","format-standard","hentry","category-raksti"],"jetpack_featured_media_url":"","jetpack_shortlink":"https:\/\/wp.me\/pcEKB-Cr","jetpack_sharing_enabled":true,"_links":{"self":[{"href":"https:\/\/www.valmiera.adventisti.lv\/index.php?rest_route=\/wp\/v2\/posts\/2383","targetHints":{"allow":["GET"]}}],"collection":[{"href":"https:\/\/www.valmiera.adventisti.lv\/index.php?rest_route=\/wp\/v2\/posts"}],"about":[{"href":"https:\/\/www.valmiera.adventisti.lv\/index.php?rest_route=\/wp\/v2\/types\/post"}],"author":[{"embeddable":true,"href":"https:\/\/www.valmiera.adventisti.lv\/index.php?rest_route=\/wp\/v2\/users\/5"}],"replies":[{"embeddable":true,"href":"https:\/\/www.valmiera.adventisti.lv\/index.php?rest_route=%2Fwp%2Fv2%2Fcomments&post=2383"}],"version-history":[{"count":1,"href":"https:\/\/www.valmiera.adventisti.lv\/index.php?rest_route=\/wp\/v2\/posts\/2383\/revisions"}],"predecessor-version":[{"id":2384,"href":"https:\/\/www.valmiera.adventisti.lv\/index.php?rest_route=\/wp\/v2\/posts\/2383\/revisions\/2384"}],"wp:attachment":[{"href":"https:\/\/www.valmiera.adventisti.lv\/index.php?rest_route=%2Fwp%2Fv2%2Fmedia&parent=2383"}],"wp:term":[{"taxonomy":"category","embeddable":true,"href":"https:\/\/www.valmiera.adventisti.lv\/index.php?rest_route=%2Fwp%2Fv2%2Fcategories&post=2383"},{"taxonomy":"post_tag","embeddable":true,"href":"https:\/\/www.valmiera.adventisti.lv\/index.php?rest_route=%2Fwp%2Fv2%2Ftags&post=2383"}],"curies":[{"name":"wp","href":"https:\/\/api.w.org\/{rel}","templated":true}]}}