{"id":2425,"date":"2020-04-12T11:06:14","date_gmt":"2020-04-12T09:06:14","guid":{"rendered":"http:\/\/www.valmiera.adventisti.lv\/?p=2425"},"modified":"2020-04-12T11:06:14","modified_gmt":"2020-04-12T09:06:14","slug":"augsamcelsanas-rits","status":"publish","type":"post","link":"https:\/\/www.valmiera.adventisti.lv\/?p=2425","title":{"rendered":"Aug\u0161\u0101mcel\u0161an\u0101s r\u012bts"},"content":{"rendered":"<p>Ir br\u012bni\u0161\u0137\u012bgi redz\u0113t, k\u0101 D\u0113ls p\u0113c cie\u0161an\u0101m var p\u0101rn\u0101kt T\u0113va m\u0101j\u0101s. Kas t\u0101 par atkalredz\u0113\u0161anos, kad Rad\u012bt\u0101js pie\u0146em Rad\u012bt\u0101ju un saka: \u201cLaipni l\u016bgts m\u0101j\u0101s!\u201d Cik br\u012bni\u0161\u0137\u012bgi redz\u0113t, k\u0101 Lielaj\u0101 piektdien\u0101 asin\u012bm nopl\u016bdu\u0161ais Pash\u0101 J\u0113rs tagad tiek kron\u0113ts  slav\u0101 un god\u0101  un sa\u0146em Visuma vald\u012bbas scepteri!<\/p>\n<p>Bet ir ar\u012b br\u012bni\u0161\u0137\u012bgi dzird\u0113t J\u0113zu sak\u0101m:  \u201cT\u0113vs! Es gribu, lai tur, kur esmu Es, ar mani b\u016btu ar\u012b tie, ko tu man esi devis, lai tie redz\u0113tu manu god\u012bbu, ko tu man esi devis, t\u0101d\u0113\u013c ka jau pirms pasaules rad\u012b\u0161anas tu mani esi m\u012bl\u0113jis.\u201d J\u0101\u0146a 17:24<!--more--><br \/>\nTaj\u0101 r\u012bt\u0101 Vi\u0146\u0161 salauza gr\u0113ka un n\u0101ves cietuma atsl\u0113gu un pav\u0113ra ce\u013cu gr\u0113ciniekiem, rast bezgal\u012bgu apmierin\u0101jumu pie Vi\u0146a god\u012bbas un slavas avotiem. Vi\u0146\u0161 m\u016bs katru aicina uz nebeidzamu mielastu ar v\u0101rdiem: \u201cES ESMU dz\u012bv\u012bbas maize. Kas n\u0101k pie manis, tam nesalks, un, kas man tic, tam nesl\u0101ps nem\u016b\u017eam.\u201d (J\u0101\u0146a 6:35)<\/p>\n<p>\u201cES ESMU aug\u0161\u0101mcel\u0161an\u0101s un dz\u012bv\u012bba. Kas tic uz mani, tas dz\u012bvos, kaut ar\u012b vi\u0146\u0161 mirtu! Un katrs, kas dz\u012bvo un tic man, nemirs nem\u016b\u017eam! Vai tu tici tam?\u201d (J\u0101\u0146a 11:25-26)<\/p>\n","protected":false},"excerpt":{"rendered":"<p>Ir br\u012bni\u0161\u0137\u012bgi redz\u0113t, k\u0101 D\u0113ls p\u0113c cie\u0161an\u0101m var p\u0101rn\u0101kt T\u0113va m\u0101j\u0101s. Kas t\u0101 par atkalredz\u0113\u0161anos, kad Rad\u012bt\u0101js pie\u0146em Rad\u012bt\u0101ju un saka: \u201cLaipni l\u016bgts m\u0101j\u0101s!\u201d Cik br\u012bni\u0161\u0137\u012bgi redz\u0113t, k\u0101 Lielaj\u0101 piektdien\u0101 asin\u012bm nopl\u016bdu\u0161ais Pash\u0101 J\u0113rs tagad tiek kron\u0113ts slav\u0101 un god\u0101 un sa\u0146em Visuma vald\u012bbas scepteri! Bet ir ar\u012b br\u012bni\u0161\u0137\u012bgi dzird\u0113t J\u0113zu sak\u0101m: \u201cT\u0113vs! Es gribu, [&hellip;]<\/p>\n","protected":false},"author":5,"featured_media":0,"comment_status":"open","ping_status":"open","sticky":false,"template":"","format":"standard","meta":{"jetpack_post_was_ever_published":false,"_jetpack_newsletter_access":"","_jetpack_dont_email_post_to_subs":false,"_jetpack_newsletter_tier_id":0,"footnotes":""},"categories":[11],"tags":[],"class_list":["post-2425","post","type-post","status-publish","format-standard","hentry","category-ticiba"],"jetpack_featured_media_url":"","jetpack_shortlink":"https:\/\/wp.me\/pcEKB-D7","jetpack_sharing_enabled":true,"_links":{"self":[{"href":"https:\/\/www.valmiera.adventisti.lv\/index.php?rest_route=\/wp\/v2\/posts\/2425","targetHints":{"allow":["GET"]}}],"collection":[{"href":"https:\/\/www.valmiera.adventisti.lv\/index.php?rest_route=\/wp\/v2\/posts"}],"about":[{"href":"https:\/\/www.valmiera.adventisti.lv\/index.php?rest_route=\/wp\/v2\/types\/post"}],"author":[{"embeddable":true,"href":"https:\/\/www.valmiera.adventisti.lv\/index.php?rest_route=\/wp\/v2\/users\/5"}],"replies":[{"embeddable":true,"href":"https:\/\/www.valmiera.adventisti.lv\/index.php?rest_route=%2Fwp%2Fv2%2Fcomments&post=2425"}],"version-history":[{"count":1,"href":"https:\/\/www.valmiera.adventisti.lv\/index.php?rest_route=\/wp\/v2\/posts\/2425\/revisions"}],"predecessor-version":[{"id":2426,"href":"https:\/\/www.valmiera.adventisti.lv\/index.php?rest_route=\/wp\/v2\/posts\/2425\/revisions\/2426"}],"wp:attachment":[{"href":"https:\/\/www.valmiera.adventisti.lv\/index.php?rest_route=%2Fwp%2Fv2%2Fmedia&parent=2425"}],"wp:term":[{"taxonomy":"category","embeddable":true,"href":"https:\/\/www.valmiera.adventisti.lv\/index.php?rest_route=%2Fwp%2Fv2%2Fcategories&post=2425"},{"taxonomy":"post_tag","embeddable":true,"href":"https:\/\/www.valmiera.adventisti.lv\/index.php?rest_route=%2Fwp%2Fv2%2Ftags&post=2425"}],"curies":[{"name":"wp","href":"https:\/\/api.w.org\/{rel}","templated":true}]}}