{"id":2428,"date":"2020-04-13T12:35:23","date_gmt":"2020-04-13T10:35:23","guid":{"rendered":"http:\/\/www.valmiera.adventisti.lv\/?p=2428"},"modified":"2020-04-13T12:37:31","modified_gmt":"2020-04-13T10:37:31","slug":"vina-augsamcelsanas","status":"publish","type":"post","link":"https:\/\/www.valmiera.adventisti.lv\/?p=2428","title":{"rendered":"Vi\u0146a aug\u0161\u0101mcel\u0161an\u0101s"},"content":{"rendered":"<p>Vi\u0146\u0161 nav \u0161eit, jo Vi\u0146\u0161 ir aug\u0161\u0101mc\u0113lies! k\u0101 Vi\u0146\u0161 sac\u012bjis.\u201d  (Mat. 28:6) <\/p>\n<p>Kad Marija Magdal\u0113na un otra Marija n\u0101ca pie kapa, vi\u0146as bija vair\u0101k k\u0101 p\u0101rsteigtas. Vi\u0146as bija p\u0101rbiju\u0161\u0101s, jo pirm\u0101 lieta, ko e\u0146\u0123elis teica: \u201cNeb\u012bstieties\u201d (Mat 28:5) un tad vi\u0146\u0161 piebilda: \u201cEs zinu, ko j\u016bs mekl\u0113jat J\u0113zu, kas bija krust\u0101 sists\u201d<br \/>\n<!--more--><br \/>\n\u201cKrust\u0101 Sistais\u201d uz visiem laikiem ir J\u0113zus identit\u0101te. Krust\u0101 Sistais ir aug\u0161\u0101mc\u0113lies no n\u0101ves. Vi\u0146a nav \u0161eit, jo Vi\u0146\u0161 ir aug\u0161\u0101mc\u0113lies. (Mat 28:6) T\u0101 ir apbr\u012bnojama v\u0113sts. Kaps bija tuk\u0161s. Un tas ir galvenais kristiet\u012bbas pasludin\u0101jums. Divi elementi tika doti paskaidrojum\u0101: Vi\u0146\u0161 nav \u0161eit, jo Vi\u0146\u0161 ir aug\u0161\u0101mc\u0113lies, k\u0101 Vi\u0146\u0161 bija sac\u012bjis. N\u0101ciet, skatiet, to vietu kur Vi\u0146\u0161 tika guld\u012bts (Mat 28:6)<\/p>\n<p>Pirmk\u0101rt, J\u0113zus ir aug\u0161\u0101mc\u0113lies, k\u0101 Vi\u0146\u0161 sac\u012bjis. J\u0113zus m\u0101cek\u013ciem vair\u0101kk\u0101rt par to bija st\u0101st\u012bjis teicis, tom\u0113r vini to nebija sapratu\u0161i. <\/p>\n<p>Otrk\u0101rt, e\u0146\u0123elis uzaicin\u0101ja sievietes apskat\u012bt vietu, kur Vi\u0146\u0161 tika guld\u012bts. <\/p>\n<p>Z\u012bm\u012bgi ir tas, ka \u0161\u012bs abas sievietes redz\u0113ja, k\u0101 J\u0113zus miesas tika guld\u012btas kap\u0101, un milz\u012bgs akmens tika aizvelts kapam priek\u0161\u0101. Un p\u0113c tam \u0161\u012bs abas sievietes bija pirm\u0101s, kuras pasludin\u0101ja p\u0101rsteidzo\u0161o v\u0113sti par aug\u0161\u0101mcel\u0161anos. Vi\u0146\u0101m bija j\u0101st\u0101sta m\u0101cek\u013ciem, ka Vi\u0146\u0161 tos satiks Galilej\u0101. T\u0101 k\u0101 Vi\u0146\u0161 bija teicis. <\/p>\n<p>M\u016bsu Kungs tika ievainots m\u016bsu p\u0101rk\u0101pumu d\u0113\u013c, tagad Vi\u0146\u0161 ir aug\u0161\u0101mc\u0113lies un n\u0101ks atkal pie mums, lai n\u0101ktu atkal \u0146emtu m\u016bs pie sevis, t\u0101 k\u0101 Vi\u0146\u0161 ir sac\u012bjis.<br \/>\n<iframe loading=\"lazy\" width=\"480\" height=\"315\" src=\"https:\/\/www.youtube.com\/embed\/3sRMxoT-sG4\" frameborder=\"0\" allow=\"accelerometer; autoplay; encrypted-media; gyroscope; picture-in-picture\" allowfullscreen><\/iframe><\/p>\n","protected":false},"excerpt":{"rendered":"<p>Vi\u0146\u0161 nav \u0161eit, jo Vi\u0146\u0161 ir aug\u0161\u0101mc\u0113lies! k\u0101 Vi\u0146\u0161 sac\u012bjis.\u201d (Mat. 28:6) Kad Marija Magdal\u0113na un otra Marija n\u0101ca pie kapa, vi\u0146as bija vair\u0101k k\u0101 p\u0101rsteigtas. Vi\u0146as bija p\u0101rbiju\u0161\u0101s, jo pirm\u0101 lieta, ko e\u0146\u0123elis teica: \u201cNeb\u012bstieties\u201d (Mat 28:5) un tad vi\u0146\u0161 piebilda: \u201cEs zinu, ko j\u016bs mekl\u0113jat J\u0113zu, kas bija krust\u0101 sists\u201d<\/p>\n","protected":false},"author":5,"featured_media":0,"comment_status":"open","ping_status":"open","sticky":false,"template":"","format":"standard","meta":{"jetpack_post_was_ever_published":false,"_jetpack_newsletter_access":"","_jetpack_dont_email_post_to_subs":false,"_jetpack_newsletter_tier_id":0,"footnotes":""},"categories":[11],"tags":[],"class_list":["post-2428","post","type-post","status-publish","format-standard","hentry","category-ticiba"],"jetpack_featured_media_url":"","jetpack_shortlink":"https:\/\/wp.me\/pcEKB-Da","jetpack_sharing_enabled":true,"_links":{"self":[{"href":"https:\/\/www.valmiera.adventisti.lv\/index.php?rest_route=\/wp\/v2\/posts\/2428","targetHints":{"allow":["GET"]}}],"collection":[{"href":"https:\/\/www.valmiera.adventisti.lv\/index.php?rest_route=\/wp\/v2\/posts"}],"about":[{"href":"https:\/\/www.valmiera.adventisti.lv\/index.php?rest_route=\/wp\/v2\/types\/post"}],"author":[{"embeddable":true,"href":"https:\/\/www.valmiera.adventisti.lv\/index.php?rest_route=\/wp\/v2\/users\/5"}],"replies":[{"embeddable":true,"href":"https:\/\/www.valmiera.adventisti.lv\/index.php?rest_route=%2Fwp%2Fv2%2Fcomments&post=2428"}],"version-history":[{"count":4,"href":"https:\/\/www.valmiera.adventisti.lv\/index.php?rest_route=\/wp\/v2\/posts\/2428\/revisions"}],"predecessor-version":[{"id":2432,"href":"https:\/\/www.valmiera.adventisti.lv\/index.php?rest_route=\/wp\/v2\/posts\/2428\/revisions\/2432"}],"wp:attachment":[{"href":"https:\/\/www.valmiera.adventisti.lv\/index.php?rest_route=%2Fwp%2Fv2%2Fmedia&parent=2428"}],"wp:term":[{"taxonomy":"category","embeddable":true,"href":"https:\/\/www.valmiera.adventisti.lv\/index.php?rest_route=%2Fwp%2Fv2%2Fcategories&post=2428"},{"taxonomy":"post_tag","embeddable":true,"href":"https:\/\/www.valmiera.adventisti.lv\/index.php?rest_route=%2Fwp%2Fv2%2Ftags&post=2428"}],"curies":[{"name":"wp","href":"https:\/\/api.w.org\/{rel}","templated":true}]}}