{"id":2440,"date":"2020-04-19T10:49:45","date_gmt":"2020-04-19T08:49:45","guid":{"rendered":"http:\/\/www.valmiera.adventisti.lv\/?p=2440"},"modified":"2020-04-19T10:49:45","modified_gmt":"2020-04-19T08:49:45","slug":"dievs-rupesies-par-mums","status":"publish","type":"post","link":"https:\/\/www.valmiera.adventisti.lv\/?p=2440","title":{"rendered":"Dievs r\u016bp\u0113sies par mums"},"content":{"rendered":"<p>M\u0113s varam priec\u0101ties par Dieva rad\u012bto dabu. Zied tulpes, narcises.  Zied ar\u012b citas pu\u0137\u012btes lauk\u0101 un me\u017e\u0101. T\u0101s m\u016bs p\u0101rsteidz ar izsmalcin\u0101tu skaistumu gan kr\u0101s\u0101s, gan veidojum\u0101. M\u0113s varam  no pu\u0137\u0113m m\u0101c\u012bties, ka mums visas raizes j\u0101atst\u0101j Dieva rok\u0101s, jo Vi\u0146\u0161 patie\u0161\u0101m r\u016bp\u0113jas par mums. Pat J\u0113zus lieto t\u0101s k\u0101 piem\u0113ru. Mateja eva\u0146\u0123\u0113lija 6. noda\u013c\u0101 Vi\u0146\u0161 saka: \u201cM\u0101cieties no lilij\u0101m p\u013cav\u0101, k\u0101 t\u0101s aug \u2013 ne t\u0101s nop\u016blas, ne v\u0113rpj, bet es jums saku: pat S\u0101lamans vis\u0101 sav\u0101 god\u012bb\u0101 nebija t\u0101 t\u0113rpies k\u0101 viena no t\u0101m.\u201d Vi\u0146\u0161 liek mums dom\u0101t: ja Dievs var ap\u0123\u0113rbt pu\u0137es, kuras \u012bsu laiku zied, k\u0101 Vi\u0146\u0161 ner\u016bp\u0113sies par saviem m\u012b\u013cajiem b\u0113rniem? Protams, ka Vi\u0146\u0161 r\u016bp\u0113sies!<\/p>\n","protected":false},"excerpt":{"rendered":"<p>M\u0113s varam priec\u0101ties par Dieva rad\u012bto dabu. Zied tulpes, narcises. Zied ar\u012b citas pu\u0137\u012btes lauk\u0101 un me\u017e\u0101. T\u0101s m\u016bs p\u0101rsteidz ar izsmalcin\u0101tu skaistumu gan kr\u0101s\u0101s, gan veidojum\u0101. M\u0113s varam no pu\u0137\u0113m m\u0101c\u012bties, ka mums visas raizes j\u0101atst\u0101j Dieva rok\u0101s, jo Vi\u0146\u0161 patie\u0161\u0101m r\u016bp\u0113jas par mums. Pat J\u0113zus lieto t\u0101s k\u0101 piem\u0113ru. Mateja eva\u0146\u0123\u0113lija 6. noda\u013c\u0101 [&hellip;]<\/p>\n","protected":false},"author":5,"featured_media":0,"comment_status":"open","ping_status":"open","sticky":false,"template":"","format":"standard","meta":{"jetpack_post_was_ever_published":false,"_jetpack_newsletter_access":"","_jetpack_dont_email_post_to_subs":false,"_jetpack_newsletter_tier_id":0,"footnotes":""},"categories":[11],"tags":[],"class_list":["post-2440","post","type-post","status-publish","format-standard","hentry","category-ticiba"],"jetpack_featured_media_url":"","jetpack_shortlink":"https:\/\/wp.me\/pcEKB-Dm","jetpack_sharing_enabled":true,"_links":{"self":[{"href":"https:\/\/www.valmiera.adventisti.lv\/index.php?rest_route=\/wp\/v2\/posts\/2440","targetHints":{"allow":["GET"]}}],"collection":[{"href":"https:\/\/www.valmiera.adventisti.lv\/index.php?rest_route=\/wp\/v2\/posts"}],"about":[{"href":"https:\/\/www.valmiera.adventisti.lv\/index.php?rest_route=\/wp\/v2\/types\/post"}],"author":[{"embeddable":true,"href":"https:\/\/www.valmiera.adventisti.lv\/index.php?rest_route=\/wp\/v2\/users\/5"}],"replies":[{"embeddable":true,"href":"https:\/\/www.valmiera.adventisti.lv\/index.php?rest_route=%2Fwp%2Fv2%2Fcomments&post=2440"}],"version-history":[{"count":1,"href":"https:\/\/www.valmiera.adventisti.lv\/index.php?rest_route=\/wp\/v2\/posts\/2440\/revisions"}],"predecessor-version":[{"id":2441,"href":"https:\/\/www.valmiera.adventisti.lv\/index.php?rest_route=\/wp\/v2\/posts\/2440\/revisions\/2441"}],"wp:attachment":[{"href":"https:\/\/www.valmiera.adventisti.lv\/index.php?rest_route=%2Fwp%2Fv2%2Fmedia&parent=2440"}],"wp:term":[{"taxonomy":"category","embeddable":true,"href":"https:\/\/www.valmiera.adventisti.lv\/index.php?rest_route=%2Fwp%2Fv2%2Fcategories&post=2440"},{"taxonomy":"post_tag","embeddable":true,"href":"https:\/\/www.valmiera.adventisti.lv\/index.php?rest_route=%2Fwp%2Fv2%2Ftags&post=2440"}],"curies":[{"name":"wp","href":"https:\/\/api.w.org\/{rel}","templated":true}]}}