{"id":2782,"date":"2020-10-01T09:28:35","date_gmt":"2020-10-01T07:28:35","guid":{"rendered":"http:\/\/www.valmiera.adventisti.lv\/?p=2782"},"modified":"2020-10-01T09:28:35","modified_gmt":"2020-10-01T07:28:35","slug":"pacelti-debesis","status":"publish","type":"post","link":"https:\/\/www.valmiera.adventisti.lv\/?p=2782","title":{"rendered":"Pacelti Debes\u012bs"},"content":{"rendered":"<p>Kur tu s\u0113di? Patie\u0161\u0101m, vai tu zini, kur tu s\u0113di? P\u0101vils rakst\u012bja tiem, kas dz\u012bvoja Efez\u0101, atg\u0101dinot, ka gl\u0101b\u0161ana ir g\u016bta ar J\u0113zu. Un t\u0101 tiem ir pasniegta k\u0101 milz\u012bga Dieva d\u0101vana. Lai to var\u0113tu aptvert, P\u0101vils sniedz br\u012bni\u0161\u0137\u012bgu t\u0113lojumu. <!--more-->Las\u0101m V\u0113stul\u0113 Efezie\u0161iem (2:6): \u201cVi\u0146\u0161 m\u016bs l\u012bdz ar Kristu ir aug\u0161\u0101mc\u0113lis un l\u012bdz ar Vi\u0146u s\u0113din\u0101jis debes\u012bs Krist\u016b J\u0113z\u016b\u201d. Tu esi tik labs, ka vari s\u0113d\u0113t blakus J\u0113zum. Izt\u0113losimies to! Cik svar\u012bgi \u0161o realit\u0101ti atcer\u0113ties, kad mums ir slikta diena! \u201cVi\u0146\u0161 m\u016bs l\u012bdz ar Kristu ir aug\u0161\u0101mc\u0113lis un l\u012bdz ar Vi\u0146u s\u0113din\u0101jis debes\u012bs Krist\u016b J\u0113z\u016b!\u201d L\u016bk, cik tas ir iedro\u0161ino\u0161i!<\/p>\n","protected":false},"excerpt":{"rendered":"<p>Kur tu s\u0113di? Patie\u0161\u0101m, vai tu zini, kur tu s\u0113di? P\u0101vils rakst\u012bja tiem, kas dz\u012bvoja Efez\u0101, atg\u0101dinot, ka gl\u0101b\u0161ana ir g\u016bta ar J\u0113zu. Un t\u0101 tiem ir pasniegta k\u0101 milz\u012bga Dieva d\u0101vana. Lai to var\u0113tu aptvert, P\u0101vils sniedz br\u012bni\u0161\u0137\u012bgu t\u0113lojumu.<\/p>\n","protected":false},"author":5,"featured_media":0,"comment_status":"open","ping_status":"open","sticky":false,"template":"","format":"standard","meta":{"jetpack_post_was_ever_published":false,"_jetpack_newsletter_access":"","_jetpack_dont_email_post_to_subs":false,"_jetpack_newsletter_tier_id":0,"footnotes":""},"categories":[1],"tags":[],"class_list":["post-2782","post","type-post","status-publish","format-standard","hentry","category-jaunumi"],"jetpack_featured_media_url":"","jetpack_shortlink":"https:\/\/wp.me\/pcEKB-IS","jetpack_sharing_enabled":true,"_links":{"self":[{"href":"https:\/\/www.valmiera.adventisti.lv\/index.php?rest_route=\/wp\/v2\/posts\/2782","targetHints":{"allow":["GET"]}}],"collection":[{"href":"https:\/\/www.valmiera.adventisti.lv\/index.php?rest_route=\/wp\/v2\/posts"}],"about":[{"href":"https:\/\/www.valmiera.adventisti.lv\/index.php?rest_route=\/wp\/v2\/types\/post"}],"author":[{"embeddable":true,"href":"https:\/\/www.valmiera.adventisti.lv\/index.php?rest_route=\/wp\/v2\/users\/5"}],"replies":[{"embeddable":true,"href":"https:\/\/www.valmiera.adventisti.lv\/index.php?rest_route=%2Fwp%2Fv2%2Fcomments&post=2782"}],"version-history":[{"count":1,"href":"https:\/\/www.valmiera.adventisti.lv\/index.php?rest_route=\/wp\/v2\/posts\/2782\/revisions"}],"predecessor-version":[{"id":2783,"href":"https:\/\/www.valmiera.adventisti.lv\/index.php?rest_route=\/wp\/v2\/posts\/2782\/revisions\/2783"}],"wp:attachment":[{"href":"https:\/\/www.valmiera.adventisti.lv\/index.php?rest_route=%2Fwp%2Fv2%2Fmedia&parent=2782"}],"wp:term":[{"taxonomy":"category","embeddable":true,"href":"https:\/\/www.valmiera.adventisti.lv\/index.php?rest_route=%2Fwp%2Fv2%2Fcategories&post=2782"},{"taxonomy":"post_tag","embeddable":true,"href":"https:\/\/www.valmiera.adventisti.lv\/index.php?rest_route=%2Fwp%2Fv2%2Ftags&post=2782"}],"curies":[{"name":"wp","href":"https:\/\/api.w.org\/{rel}","templated":true}]}}