{"id":2918,"date":"2020-12-04T12:34:54","date_gmt":"2020-12-04T10:34:54","guid":{"rendered":"http:\/\/www.valmiera.adventisti.lv\/?p=2918"},"modified":"2020-12-04T12:35:42","modified_gmt":"2020-12-04T10:35:42","slug":"patiesa-pielugsme","status":"publish","type":"post","link":"https:\/\/www.valmiera.adventisti.lv\/?p=2918","title":{"rendered":"Paties\u0101 piel\u016bgsme"},"content":{"rendered":"<p>V\u0101rdi (Atkl. 14:7): \u201cB\u012bstaties Dievu un dodiet Vi\u0146am godu.\u201d ir aicin\u0101jums uz Dieva &#8211; piel\u016bgsmi. \u201cVai Vi\u0146a piel\u016bgsme saist\u012bta ar bail\u0113m? Vai m\u016bsu Rad\u012bt\u0101js, kur\u0161 pazemoj\u0101s, n\u0101ca k\u0101 cilv\u0113ks, mira par m\u016bsu gr\u0113kiem un aug\u0161\u0101mc\u0113l\u0101s v\u0113las, m\u016bs iebied\u0113t?\u201d<!--more--><br \/>\nM\u016b\u017e\u012bgais nemain\u012bgais eva\u0146\u0123\u0113lijs, Dieva \u017e\u0113last\u012bbas izpausme nav savienota ar bai\u013cu rad\u012b\u0161anu cilv\u0113k\u0101. B\u012bties Dieva noz\u012bm\u0113 Vi\u0146u cien\u012bt; dot Vi\u0146am godu. P\u0101vils rakst\u012bja par pag\u0101nisma mor\u0101lo pagrimumu, kas s\u0101k\u0101s ar cilv\u0113ku izvair\u012b\u0161anos pagodin\u0101t Dievu (Rom 1:21). Tagad m\u0113s dzirdam p\u0113d\u0113jo aicin\u0101jumu cilv\u0113cei no\u017e\u0113lot gr\u0113kus un pagodin\u0101t Vi\u0146u, jo Vi\u0146\u0161 ir rad\u012bjis Debesis un Zemi. Cik iedro\u0161ino\u0161s ir aicin\u0101jums: \u201cT\u0101p\u0113c pieiesim bez bail\u0113m pie \u017e\u0113last\u012bbas tro\u0146a, lai sa\u0146emtu ap\u017e\u0113lo\u0161anu un atrastu \u017e\u0113last\u012bbu, pal\u012bdz\u012bbu \u012bst\u0101 laik\u0101.\u201d (Ebr. 4:16)!<\/p>\n","protected":false},"excerpt":{"rendered":"<p>V\u0101rdi (Atkl. 14:7): \u201cB\u012bstaties Dievu un dodiet Vi\u0146am godu.\u201d ir aicin\u0101jums uz Dieva &#8211; piel\u016bgsmi. \u201cVai Vi\u0146a piel\u016bgsme saist\u012bta ar bail\u0113m? Vai m\u016bsu Rad\u012bt\u0101js, kur\u0161 pazemoj\u0101s, n\u0101ca k\u0101 cilv\u0113ks, mira par m\u016bsu gr\u0113kiem un aug\u0161\u0101mc\u0113l\u0101s v\u0113las, m\u016bs iebied\u0113t?\u201d<\/p>\n","protected":false},"author":5,"featured_media":0,"comment_status":"open","ping_status":"open","sticky":false,"template":"","format":"standard","meta":{"jetpack_post_was_ever_published":false,"_jetpack_newsletter_access":"","_jetpack_dont_email_post_to_subs":false,"_jetpack_newsletter_tier_id":0,"footnotes":""},"categories":[11],"tags":[],"class_list":["post-2918","post","type-post","status-publish","format-standard","hentry","category-ticiba"],"jetpack_featured_media_url":"","jetpack_shortlink":"https:\/\/wp.me\/pcEKB-L4","jetpack_sharing_enabled":true,"_links":{"self":[{"href":"https:\/\/www.valmiera.adventisti.lv\/index.php?rest_route=\/wp\/v2\/posts\/2918","targetHints":{"allow":["GET"]}}],"collection":[{"href":"https:\/\/www.valmiera.adventisti.lv\/index.php?rest_route=\/wp\/v2\/posts"}],"about":[{"href":"https:\/\/www.valmiera.adventisti.lv\/index.php?rest_route=\/wp\/v2\/types\/post"}],"author":[{"embeddable":true,"href":"https:\/\/www.valmiera.adventisti.lv\/index.php?rest_route=\/wp\/v2\/users\/5"}],"replies":[{"embeddable":true,"href":"https:\/\/www.valmiera.adventisti.lv\/index.php?rest_route=%2Fwp%2Fv2%2Fcomments&post=2918"}],"version-history":[{"count":1,"href":"https:\/\/www.valmiera.adventisti.lv\/index.php?rest_route=\/wp\/v2\/posts\/2918\/revisions"}],"predecessor-version":[{"id":2919,"href":"https:\/\/www.valmiera.adventisti.lv\/index.php?rest_route=\/wp\/v2\/posts\/2918\/revisions\/2919"}],"wp:attachment":[{"href":"https:\/\/www.valmiera.adventisti.lv\/index.php?rest_route=%2Fwp%2Fv2%2Fmedia&parent=2918"}],"wp:term":[{"taxonomy":"category","embeddable":true,"href":"https:\/\/www.valmiera.adventisti.lv\/index.php?rest_route=%2Fwp%2Fv2%2Fcategories&post=2918"},{"taxonomy":"post_tag","embeddable":true,"href":"https:\/\/www.valmiera.adventisti.lv\/index.php?rest_route=%2Fwp%2Fv2%2Ftags&post=2918"}],"curies":[{"name":"wp","href":"https:\/\/api.w.org\/{rel}","templated":true}]}}