{"id":2922,"date":"2020-12-06T12:20:41","date_gmt":"2020-12-06T10:20:41","guid":{"rendered":"http:\/\/www.valmiera.adventisti.lv\/?p=2922"},"modified":"2020-12-06T12:20:41","modified_gmt":"2020-12-06T10:20:41","slug":"turiet-speka-avotu-atvertu","status":"publish","type":"post","link":"https:\/\/www.valmiera.adventisti.lv\/?p=2922","title":{"rendered":"Turiet sp\u0113ka avotu atv\u0113rtu"},"content":{"rendered":"<p>Sv\u0113tais Gars nav entuziasms, l\u012bdzj\u016bt\u012bba vai brav\u016bra. Vi\u0146\u0161 var\u0113tu stimul\u0113t \u0161\u0101das emocijas, bet Vi\u0146\u0161 pats ir Persona. Vi\u0146\u0161 nosaka m\u016bsu dz\u012bves ce\u013cu (Apustu\u013cu darbi 16:6), izdala gar\u012bgas d\u0101vanas (1. Korintie\u0161iem 12: 7\u201311), Vi\u0146\u0161 mierina (J\u0101\u0146a 16:6-7). J\u0113zus apsol\u012bja: \u201cVi\u0146\u0161 past\u0101v\u012bgi ir pie jums un m\u0101jo j\u016bsos\u201d (J\u0101\u0146a 14:17). Gad\u012bjuma viesis? N\u0113! Sv\u0113tais Gars visu gadu m\u0101jo savu b\u0113rnu sird\u012bs.<!--more--><\/p>\n<p>Kad Dieva st\u0101sts k\u013c\u016bst par m\u016bsu st\u0101stu, Vi\u0146a sp\u0113ks k\u013c\u016bst par m\u016bsu sp\u0113ku. Nu k\u0101p\u0113c, tad m\u0113s cie\u0161am no sp\u0113ka tr\u016bkuma? M\u0113s v\u0113r\u0161amies pie Vi\u0146a, lai m\u0113s s\u0101ktu, un tad turpin\u0101m ar saviem sp\u0113kiem. T\u0101 pati roka, kas atgr\u016bda akmeni no kapa, var nov\u0113rst j\u016bsu \u0161aubas. Tas pats sp\u0113ks, kas rosin\u0101ja Kristus sirdi, var rosin\u0101t j\u016bsu atsl\u0101bu\u0161o tic\u012bbu. Tas pats sp\u0113ks, kas noliek s\u0101tanu uz ce\u013ciem, var un var\u0113s uzvar\u0113t s\u0101tanu j\u016bsu dz\u012bv\u0113. Vienk\u0101r\u0161i turiet sp\u0113ka avotu atv\u0113rtu.<\/p>\n","protected":false},"excerpt":{"rendered":"<p>Sv\u0113tais Gars nav entuziasms, l\u012bdzj\u016bt\u012bba vai brav\u016bra. Vi\u0146\u0161 var\u0113tu stimul\u0113t \u0161\u0101das emocijas, bet Vi\u0146\u0161 pats ir Persona. Vi\u0146\u0161 nosaka m\u016bsu dz\u012bves ce\u013cu (Apustu\u013cu darbi 16:6), izdala gar\u012bgas d\u0101vanas (1. Korintie\u0161iem 12: 7\u201311), Vi\u0146\u0161 mierina (J\u0101\u0146a 16:6-7). J\u0113zus apsol\u012bja: \u201cVi\u0146\u0161 past\u0101v\u012bgi ir pie jums un m\u0101jo j\u016bsos\u201d (J\u0101\u0146a 14:17). Gad\u012bjuma viesis? N\u0113! Sv\u0113tais Gars visu gadu [&hellip;]<\/p>\n","protected":false},"author":5,"featured_media":0,"comment_status":"open","ping_status":"open","sticky":false,"template":"","format":"standard","meta":{"jetpack_post_was_ever_published":false,"_jetpack_newsletter_access":"","_jetpack_dont_email_post_to_subs":false,"_jetpack_newsletter_tier_id":0,"footnotes":""},"categories":[11],"tags":[],"class_list":["post-2922","post","type-post","status-publish","format-standard","hentry","category-ticiba"],"jetpack_featured_media_url":"","jetpack_shortlink":"https:\/\/wp.me\/pcEKB-L8","jetpack_sharing_enabled":true,"_links":{"self":[{"href":"https:\/\/www.valmiera.adventisti.lv\/index.php?rest_route=\/wp\/v2\/posts\/2922","targetHints":{"allow":["GET"]}}],"collection":[{"href":"https:\/\/www.valmiera.adventisti.lv\/index.php?rest_route=\/wp\/v2\/posts"}],"about":[{"href":"https:\/\/www.valmiera.adventisti.lv\/index.php?rest_route=\/wp\/v2\/types\/post"}],"author":[{"embeddable":true,"href":"https:\/\/www.valmiera.adventisti.lv\/index.php?rest_route=\/wp\/v2\/users\/5"}],"replies":[{"embeddable":true,"href":"https:\/\/www.valmiera.adventisti.lv\/index.php?rest_route=%2Fwp%2Fv2%2Fcomments&post=2922"}],"version-history":[{"count":1,"href":"https:\/\/www.valmiera.adventisti.lv\/index.php?rest_route=\/wp\/v2\/posts\/2922\/revisions"}],"predecessor-version":[{"id":2923,"href":"https:\/\/www.valmiera.adventisti.lv\/index.php?rest_route=\/wp\/v2\/posts\/2922\/revisions\/2923"}],"wp:attachment":[{"href":"https:\/\/www.valmiera.adventisti.lv\/index.php?rest_route=%2Fwp%2Fv2%2Fmedia&parent=2922"}],"wp:term":[{"taxonomy":"category","embeddable":true,"href":"https:\/\/www.valmiera.adventisti.lv\/index.php?rest_route=%2Fwp%2Fv2%2Fcategories&post=2922"},{"taxonomy":"post_tag","embeddable":true,"href":"https:\/\/www.valmiera.adventisti.lv\/index.php?rest_route=%2Fwp%2Fv2%2Ftags&post=2922"}],"curies":[{"name":"wp","href":"https:\/\/api.w.org\/{rel}","templated":true}]}}