{"id":2944,"date":"2020-12-17T16:13:49","date_gmt":"2020-12-17T14:13:49","guid":{"rendered":"http:\/\/www.valmiera.adventisti.lv\/?p=2944"},"modified":"2020-12-17T16:13:49","modified_gmt":"2020-12-17T14:13:49","slug":"jezus-musos","status":"publish","type":"post","link":"https:\/\/www.valmiera.adventisti.lv\/?p=2944","title":{"rendered":"J\u0113zus m\u016bsos"},"content":{"rendered":"<p>J\u0113zus ne tikai paveica darbu m\u016bsu lab\u0101; Vi\u0146\u0161 darbojas m\u016bsos. Kolosie\u0161iem 1:27 mums teikts: \u201c\u0160is nosl\u0113pums ir Kristus j\u016bsos.\u201d Vi\u0146\u0161 pav\u0113l m\u016bsu rok\u0101m un k\u0101j\u0101m, sak\u0101rto m\u016bsu pr\u0101tu un valodu. K\u0101 teikts Romie\u0161iem 8:29, \u201ct\u0101p\u0113c ka tie p\u0113c Vi\u0146a m\u016b\u017e\u012bg\u0101 nodoma ir aicin\u0101ti. Jo, kurus Vi\u0146\u0161 s\u0101kum\u0101 noz\u012bm\u0113jis, tos Vi\u0146\u0161 nol\u0113mis dar\u012bt l\u012bdz\u012bgus Sava D\u0113la t\u0113lam.<!--more-->\u201d M\u0113s nekad neb\u016bsim bez gr\u0113ka, bet gr\u0113kosim maz\u0101k. Un, kad m\u0113s dar\u0101m gr\u0113ku, mums ir \u0161\u012b p\u0101rliec\u012bba: \u017e\u0113last\u012bba, kas m\u016bs izgl\u0101ba, m\u016bs ar\u012b uztur. M\u0113s varam zaud\u0113t savu noska\u0146ojumu, perspekt\u012bvu un pa\u0161kontroli, bet m\u0113s nekad nezaud\u0113sim cer\u012bbu. Sv\u0113tie Raksti sola: \u201cVi\u0146am, kas j\u016bs sp\u0113j pasarg\u0101t no klup\u0161anas un nost\u0101d\u012bt j\u016bs l\u012bksm\u012bb\u0101 savas god\u012bbas priek\u0161\u0101 bezvain\u012bgus!\u201d (J\u016bda 1:21)<\/p>\n","protected":false},"excerpt":{"rendered":"<p>J\u0113zus ne tikai paveica darbu m\u016bsu lab\u0101; Vi\u0146\u0161 darbojas m\u016bsos. Kolosie\u0161iem 1:27 mums teikts: \u201c\u0160is nosl\u0113pums ir Kristus j\u016bsos.\u201d Vi\u0146\u0161 pav\u0113l m\u016bsu rok\u0101m un k\u0101j\u0101m, sak\u0101rto m\u016bsu pr\u0101tu un valodu. K\u0101 teikts Romie\u0161iem 8:29, \u201ct\u0101p\u0113c ka tie p\u0113c Vi\u0146a m\u016b\u017e\u012bg\u0101 nodoma ir aicin\u0101ti. Jo, kurus Vi\u0146\u0161 s\u0101kum\u0101 noz\u012bm\u0113jis, tos Vi\u0146\u0161 nol\u0113mis dar\u012bt l\u012bdz\u012bgus Sava D\u0113la [&hellip;]<\/p>\n","protected":false},"author":5,"featured_media":0,"comment_status":"open","ping_status":"open","sticky":false,"template":"","format":"standard","meta":{"jetpack_post_was_ever_published":false,"_jetpack_newsletter_access":"","_jetpack_dont_email_post_to_subs":false,"_jetpack_newsletter_tier_id":0,"footnotes":""},"categories":[11],"tags":[],"class_list":["post-2944","post","type-post","status-publish","format-standard","hentry","category-ticiba"],"jetpack_featured_media_url":"","jetpack_shortlink":"https:\/\/wp.me\/pcEKB-Lu","jetpack_sharing_enabled":true,"_links":{"self":[{"href":"https:\/\/www.valmiera.adventisti.lv\/index.php?rest_route=\/wp\/v2\/posts\/2944","targetHints":{"allow":["GET"]}}],"collection":[{"href":"https:\/\/www.valmiera.adventisti.lv\/index.php?rest_route=\/wp\/v2\/posts"}],"about":[{"href":"https:\/\/www.valmiera.adventisti.lv\/index.php?rest_route=\/wp\/v2\/types\/post"}],"author":[{"embeddable":true,"href":"https:\/\/www.valmiera.adventisti.lv\/index.php?rest_route=\/wp\/v2\/users\/5"}],"replies":[{"embeddable":true,"href":"https:\/\/www.valmiera.adventisti.lv\/index.php?rest_route=%2Fwp%2Fv2%2Fcomments&post=2944"}],"version-history":[{"count":1,"href":"https:\/\/www.valmiera.adventisti.lv\/index.php?rest_route=\/wp\/v2\/posts\/2944\/revisions"}],"predecessor-version":[{"id":2945,"href":"https:\/\/www.valmiera.adventisti.lv\/index.php?rest_route=\/wp\/v2\/posts\/2944\/revisions\/2945"}],"wp:attachment":[{"href":"https:\/\/www.valmiera.adventisti.lv\/index.php?rest_route=%2Fwp%2Fv2%2Fmedia&parent=2944"}],"wp:term":[{"taxonomy":"category","embeddable":true,"href":"https:\/\/www.valmiera.adventisti.lv\/index.php?rest_route=%2Fwp%2Fv2%2Fcategories&post=2944"},{"taxonomy":"post_tag","embeddable":true,"href":"https:\/\/www.valmiera.adventisti.lv\/index.php?rest_route=%2Fwp%2Fv2%2Ftags&post=2944"}],"curies":[{"name":"wp","href":"https:\/\/api.w.org\/{rel}","templated":true}]}}