{"id":2991,"date":"2021-01-10T12:45:06","date_gmt":"2021-01-10T10:45:06","guid":{"rendered":"http:\/\/www.valmiera.adventisti.lv\/?p=2991"},"modified":"2021-01-10T12:45:06","modified_gmt":"2021-01-10T10:45:06","slug":"labums-un-zelastiba","status":"publish","type":"post","link":"https:\/\/www.valmiera.adventisti.lv\/?p=2991","title":{"rendered":"Labums un \u017e\u0113last\u012bba"},"content":{"rendered":"<p>\u201cTie\u0161\u0101m, labums un \u017e\u0113last\u012bba mani pavad\u012bs visu manu m\u016b\u017eu.\u201d (Psalms 23:6)<\/p>\n<p>Labums un \u017e\u0113last\u012bba. Ne tikai labums, jo m\u0113s esam gr\u0113cinieki, kuriem nepiecie\u0161ama \u017e\u0113last\u012bba. Ne tikai \u017e\u0113last\u012bba, jo m\u0113s esam trausli, kuriem ir vajadz\u012bga labest\u012bba. Mums vi\u0146i abi ir vajadz\u012bgi. K\u0101 viens v\u012brietis rakst\u012bja: \u201cLabums piepild\u012bt visas vajadz\u012bbas.<!--more--> \u017d\u0113last\u012bba piedot katru gr\u0113ku. Labums sniegt. \u017d\u0113last\u012bba ap\u017e\u0113lot.\u201d Cik milz\u012bgs pazi\u0146ojums. Paraugies uz t\u0101 lielumu! Labest\u012bba un \u017e\u0113lsird\u012bba seko Dieva b\u0113rnam katru dienu! Padom\u0101 par gaid\u0101maj\u0101m dien\u0101m. Ko tu redzi? Padom\u0101 par dien\u0101m kur\u0101s aug vis neaizsarg\u0101tie mazu\u013ci. Dievs b\u016bs tav\u0101 pus\u0113. Dienas strupce\u013c\u0101? Vi\u0146\u0161 tevi izvad\u012bs. Vientul\u012bbas dienas? Vi\u0146\u0161 satvers tavu roku. Protams, labest\u012bba un \u017e\u0113last\u012bba pavad\u012bs mani &#8211; ne da\u017eas, ne k\u0101das vair\u0101kas dienas, bet visas manas dz\u012bves dienas.<\/p>\n","protected":false},"excerpt":{"rendered":"<p>\u201cTie\u0161\u0101m, labums un \u017e\u0113last\u012bba mani pavad\u012bs visu manu m\u016b\u017eu.\u201d (Psalms 23:6) Labums un \u017e\u0113last\u012bba. Ne tikai labums, jo m\u0113s esam gr\u0113cinieki, kuriem nepiecie\u0161ama \u017e\u0113last\u012bba. Ne tikai \u017e\u0113last\u012bba, jo m\u0113s esam trausli, kuriem ir vajadz\u012bga labest\u012bba. Mums vi\u0146i abi ir vajadz\u012bgi. K\u0101 viens v\u012brietis rakst\u012bja: \u201cLabums piepild\u012bt visas vajadz\u012bbas.<\/p>\n","protected":false},"author":5,"featured_media":0,"comment_status":"open","ping_status":"open","sticky":false,"template":"","format":"standard","meta":{"jetpack_post_was_ever_published":false,"_jetpack_newsletter_access":"","_jetpack_dont_email_post_to_subs":false,"_jetpack_newsletter_tier_id":0,"footnotes":""},"categories":[11],"tags":[],"class_list":["post-2991","post","type-post","status-publish","format-standard","hentry","category-ticiba"],"jetpack_featured_media_url":"","jetpack_shortlink":"https:\/\/wp.me\/pcEKB-Mf","jetpack_sharing_enabled":true,"_links":{"self":[{"href":"https:\/\/www.valmiera.adventisti.lv\/index.php?rest_route=\/wp\/v2\/posts\/2991","targetHints":{"allow":["GET"]}}],"collection":[{"href":"https:\/\/www.valmiera.adventisti.lv\/index.php?rest_route=\/wp\/v2\/posts"}],"about":[{"href":"https:\/\/www.valmiera.adventisti.lv\/index.php?rest_route=\/wp\/v2\/types\/post"}],"author":[{"embeddable":true,"href":"https:\/\/www.valmiera.adventisti.lv\/index.php?rest_route=\/wp\/v2\/users\/5"}],"replies":[{"embeddable":true,"href":"https:\/\/www.valmiera.adventisti.lv\/index.php?rest_route=%2Fwp%2Fv2%2Fcomments&post=2991"}],"version-history":[{"count":1,"href":"https:\/\/www.valmiera.adventisti.lv\/index.php?rest_route=\/wp\/v2\/posts\/2991\/revisions"}],"predecessor-version":[{"id":2992,"href":"https:\/\/www.valmiera.adventisti.lv\/index.php?rest_route=\/wp\/v2\/posts\/2991\/revisions\/2992"}],"wp:attachment":[{"href":"https:\/\/www.valmiera.adventisti.lv\/index.php?rest_route=%2Fwp%2Fv2%2Fmedia&parent=2991"}],"wp:term":[{"taxonomy":"category","embeddable":true,"href":"https:\/\/www.valmiera.adventisti.lv\/index.php?rest_route=%2Fwp%2Fv2%2Fcategories&post=2991"},{"taxonomy":"post_tag","embeddable":true,"href":"https:\/\/www.valmiera.adventisti.lv\/index.php?rest_route=%2Fwp%2Fv2%2Ftags&post=2991"}],"curies":[{"name":"wp","href":"https:\/\/api.w.org\/{rel}","templated":true}]}}