{"id":2999,"date":"2021-01-10T12:47:37","date_gmt":"2021-01-10T10:47:37","guid":{"rendered":"http:\/\/www.valmiera.adventisti.lv\/?p=2999"},"modified":"2021-01-10T12:47:37","modified_gmt":"2021-01-10T10:47:37","slug":"palaujies-un-paklausi-2","status":"publish","type":"post","link":"https:\/\/www.valmiera.adventisti.lv\/?p=2999","title":{"rendered":"Pa\u013caujies un paklausi"},"content":{"rendered":"<p>Bie\u017ei dzirdam jaut\u0101jumu: \u201cKas cilv\u0113kam ir j\u0101zina, lai k\u013c\u016btu par Kristus sekot\u0101ju? \u201d St\u0101sts par akl\u0101 v\u012bra dziedin\u0101\u0161anu J\u0101\u0146a eva\u0146\u0123\u0113lija 9. noda\u013c\u0101 sniedz atbildi. V\u012brietis neko nezin\u0101ja par J\u0113zus dzim\u0161anu no jaunavas Marijas, vai sv\u0113t\u012bbu nosac\u012bjumiem. Vi\u0146\u0161 nezin\u0101ja ne m\u0101cekl\u012bbas cenu, ne ar\u012b Sv\u0113t\u0101 Gara noz\u012bmi. <!--more-->Vi\u0146\u0161 zin\u0101ja tikai to: ka cilv\u0113ks, ko sauc par J\u0113zu, izgatavoja m\u0101la dub\u013cus, uzzieda uz vi\u0146a ac\u012bm un lika mazg\u0101ties\u2026 Tad vi\u0146\u0161 var\u0113ja redz\u0113t. St\u0101sts beidzas ar to, ka fizisko redzi atguvu\u0161ais J\u0113z\u016b ieraudz\u012bja Dievu un Vi\u0146u piel\u016bdza. Aklais no dzim\u0161anas sa\u0146\u0113ma redzi, nevis t\u0101p\u0113c, ka b\u016btu to peln\u012bjis, vai atradis k\u0101du izvese\u013co\u0161an\u0101s iesp\u0113ju. Vi\u0146\u0161 dab\u016bja redzi, jo pa\u013c\u0101v\u0101s uz To un paklaus\u012bja Tam, kur\u0161 tika s\u016bt\u012bts \u201clai atv\u0113rtu acis akliem\u201d (Jes. 42:7).<\/p>\n","protected":false},"excerpt":{"rendered":"<p>Bie\u017ei dzirdam jaut\u0101jumu: \u201cKas cilv\u0113kam ir j\u0101zina, lai k\u013c\u016btu par Kristus sekot\u0101ju? \u201d St\u0101sts par akl\u0101 v\u012bra dziedin\u0101\u0161anu J\u0101\u0146a eva\u0146\u0123\u0113lija 9. noda\u013c\u0101 sniedz atbildi. V\u012brietis neko nezin\u0101ja par J\u0113zus dzim\u0161anu no jaunavas Marijas, vai sv\u0113t\u012bbu nosac\u012bjumiem. Vi\u0146\u0161 nezin\u0101ja ne m\u0101cekl\u012bbas cenu, ne ar\u012b Sv\u0113t\u0101 Gara noz\u012bmi.<\/p>\n","protected":false},"author":5,"featured_media":0,"comment_status":"open","ping_status":"open","sticky":false,"template":"","format":"standard","meta":{"jetpack_post_was_ever_published":false,"_jetpack_newsletter_access":"","_jetpack_dont_email_post_to_subs":false,"_jetpack_newsletter_tier_id":0,"footnotes":""},"categories":[11],"tags":[],"class_list":["post-2999","post","type-post","status-publish","format-standard","hentry","category-ticiba"],"jetpack_featured_media_url":"","jetpack_shortlink":"https:\/\/wp.me\/pcEKB-Mn","jetpack_sharing_enabled":true,"_links":{"self":[{"href":"https:\/\/www.valmiera.adventisti.lv\/index.php?rest_route=\/wp\/v2\/posts\/2999","targetHints":{"allow":["GET"]}}],"collection":[{"href":"https:\/\/www.valmiera.adventisti.lv\/index.php?rest_route=\/wp\/v2\/posts"}],"about":[{"href":"https:\/\/www.valmiera.adventisti.lv\/index.php?rest_route=\/wp\/v2\/types\/post"}],"author":[{"embeddable":true,"href":"https:\/\/www.valmiera.adventisti.lv\/index.php?rest_route=\/wp\/v2\/users\/5"}],"replies":[{"embeddable":true,"href":"https:\/\/www.valmiera.adventisti.lv\/index.php?rest_route=%2Fwp%2Fv2%2Fcomments&post=2999"}],"version-history":[{"count":1,"href":"https:\/\/www.valmiera.adventisti.lv\/index.php?rest_route=\/wp\/v2\/posts\/2999\/revisions"}],"predecessor-version":[{"id":3000,"href":"https:\/\/www.valmiera.adventisti.lv\/index.php?rest_route=\/wp\/v2\/posts\/2999\/revisions\/3000"}],"wp:attachment":[{"href":"https:\/\/www.valmiera.adventisti.lv\/index.php?rest_route=%2Fwp%2Fv2%2Fmedia&parent=2999"}],"wp:term":[{"taxonomy":"category","embeddable":true,"href":"https:\/\/www.valmiera.adventisti.lv\/index.php?rest_route=%2Fwp%2Fv2%2Fcategories&post=2999"},{"taxonomy":"post_tag","embeddable":true,"href":"https:\/\/www.valmiera.adventisti.lv\/index.php?rest_route=%2Fwp%2Fv2%2Ftags&post=2999"}],"curies":[{"name":"wp","href":"https:\/\/api.w.org\/{rel}","templated":true}]}}