{"id":3040,"date":"2021-02-02T07:26:44","date_gmt":"2021-02-02T05:26:44","guid":{"rendered":"http:\/\/www.valmiera.adventisti.lv\/?p=3040"},"modified":"2021-02-02T07:26:44","modified_gmt":"2021-02-02T05:26:44","slug":"ko-lai-mes-daram-ar-tevi","status":"publish","type":"post","link":"https:\/\/www.valmiera.adventisti.lv\/?p=3040","title":{"rendered":"Ko lai m\u0113s dar\u0101m ar Tevi?"},"content":{"rendered":"<p>\u201cV\u0113l nekad neviens cilv\u0113ks nav t\u0101 run\u0101jis k\u0101 \u0161is cilv\u0113ks.\u201d (J\u0101\u0146a 7:46)<\/p>\n<p>J\u0113zus apgalvoja, ka var piedot gr\u0113kus, \u2013 t\u0101das ties\u012bbas pieder vien\u012bgi Dievam (Mateja 9:4-7). <!--more-->Vi\u0146\u0161 pazi\u0146oja, ka ir liel\u0101ks nek\u0101 Jona, Salamans, J\u0113kabs un pat \u0100brah\u0101ms (Mateja 12:38-42; J\u0101\u0146a 4:12-14; 8:53-56). Vi\u0146\u0161 v\u0113st\u012bja, ka Vi\u0146a v\u0101rdi p\u0101rdz\u012bvos debesis un zemi un ka visa vara debes\u012bs un virs zemes ir nodota Vi\u0146am (Mateja 28:18-20). Vai cien\u012bjams cilv\u0113ks apgalvotu \u0161\u0101das lietas? Varb\u016bt tikai t\u0101ds, kas nesp\u0113j sapr\u0101t\u012bgi spriest!<\/p>\n<p>Bet, lasot par J\u0113zu, m\u0113s uzzin\u0101m, ka \u013caud\u012bm Vi\u0146\u0161 \u0161\u0137ita ne vien cien\u012bjams, bet pat pat\u012bkams. Tie pat atst\u0101ja savas m\u0101jas un nodarbo\u0161anos, lai sekotu Vi\u0146am. V\u012bri un sievas cer\u0113ja uz Vi\u0146u. Impuls\u012bvais P\u0113teris. Izt\u0113les bag\u0101tais Filips. Dedz\u012bgais J\u0101nis. R\u016bp\u012bgais Toms. Sistem\u0101tiskais, nodok\u013cu iev\u0101c\u0113js Matejs. Kad J\u0113zus miru\u0161ais \u0137ermenis bija guld\u012bts kap\u0101, sievietes n\u0101ca, lai r\u016bp\u0113tos par to. J\u0113zus p\u0101rv\u0113rta vienk\u0101r\u0161os zvejniekus par v\u0113stur\u0113 visslaven\u0101ko gr\u0101matu autoriem un pasaulpla\u0161as kust\u012bbas dibin\u0101t\u0101jiem. Ko Vi\u0146\u0161 ienes\u012bs Tav\u0101 dz\u012bv\u0113?<\/p>\n","protected":false},"excerpt":{"rendered":"<p>\u201cV\u0113l nekad neviens cilv\u0113ks nav t\u0101 run\u0101jis k\u0101 \u0161is cilv\u0113ks.\u201d (J\u0101\u0146a 7:46) J\u0113zus apgalvoja, ka var piedot gr\u0113kus, \u2013 t\u0101das ties\u012bbas pieder vien\u012bgi Dievam (Mateja 9:4-7).<\/p>\n","protected":false},"author":5,"featured_media":0,"comment_status":"open","ping_status":"open","sticky":false,"template":"","format":"standard","meta":{"jetpack_post_was_ever_published":false,"_jetpack_newsletter_access":"","_jetpack_dont_email_post_to_subs":false,"_jetpack_newsletter_tier_id":0,"footnotes":""},"categories":[11],"tags":[],"class_list":["post-3040","post","type-post","status-publish","format-standard","hentry","category-ticiba"],"jetpack_featured_media_url":"","jetpack_shortlink":"https:\/\/wp.me\/pcEKB-N2","jetpack_sharing_enabled":true,"_links":{"self":[{"href":"https:\/\/www.valmiera.adventisti.lv\/index.php?rest_route=\/wp\/v2\/posts\/3040","targetHints":{"allow":["GET"]}}],"collection":[{"href":"https:\/\/www.valmiera.adventisti.lv\/index.php?rest_route=\/wp\/v2\/posts"}],"about":[{"href":"https:\/\/www.valmiera.adventisti.lv\/index.php?rest_route=\/wp\/v2\/types\/post"}],"author":[{"embeddable":true,"href":"https:\/\/www.valmiera.adventisti.lv\/index.php?rest_route=\/wp\/v2\/users\/5"}],"replies":[{"embeddable":true,"href":"https:\/\/www.valmiera.adventisti.lv\/index.php?rest_route=%2Fwp%2Fv2%2Fcomments&post=3040"}],"version-history":[{"count":1,"href":"https:\/\/www.valmiera.adventisti.lv\/index.php?rest_route=\/wp\/v2\/posts\/3040\/revisions"}],"predecessor-version":[{"id":3041,"href":"https:\/\/www.valmiera.adventisti.lv\/index.php?rest_route=\/wp\/v2\/posts\/3040\/revisions\/3041"}],"wp:attachment":[{"href":"https:\/\/www.valmiera.adventisti.lv\/index.php?rest_route=%2Fwp%2Fv2%2Fmedia&parent=3040"}],"wp:term":[{"taxonomy":"category","embeddable":true,"href":"https:\/\/www.valmiera.adventisti.lv\/index.php?rest_route=%2Fwp%2Fv2%2Fcategories&post=3040"},{"taxonomy":"post_tag","embeddable":true,"href":"https:\/\/www.valmiera.adventisti.lv\/index.php?rest_route=%2Fwp%2Fv2%2Ftags&post=3040"}],"curies":[{"name":"wp","href":"https:\/\/api.w.org\/{rel}","templated":true}]}}