{"id":3091,"date":"2021-02-23T14:14:10","date_gmt":"2021-02-23T12:14:10","guid":{"rendered":"http:\/\/www.valmiera.adventisti.lv\/?p=3091"},"modified":"2021-02-23T14:14:10","modified_gmt":"2021-02-23T12:14:10","slug":"gaidot-kristus-atnaksanu","status":"publish","type":"post","link":"https:\/\/www.valmiera.adventisti.lv\/?p=3091","title":{"rendered":"Gaidot Kristus atn\u0101k\u0161anu"},"content":{"rendered":"<p>Kristus atk\u0101rtoti un piln\u0101 p\u0101rliec\u012bb\u0101 apliecin\u0101ja, ka v\u0113lreiz n\u0101ks uz \u0161o zemi. Tic\u012bgajiem tas noz\u012bm\u0113, ka v\u0113stures gaita nav bezm\u0113r\u0137\u012bga un ka Dieva ce\u013ci sasniegs piepild\u012bjumu. Vi\u0146a m\u012blest\u012bba un taisn\u012bba svin\u0113s uzvaru. T\u0101p\u0113c kristie\u0161iem ir m\u0113r\u0137is, uz ko koncentr\u0113ties.<!--more--> Kad m\u0101cek\u013ci jaut\u0101ja, kad tas notiks, \u201cVi\u0146\u0161 tiem sac\u012bja: \u201cNav j\u016bsu da\u013ca zin\u0101t laiku vai stundu, ko T\u0113vs ir nolicis sav\u0101 var\u0101, bet j\u016bs sa\u0146emsiet Sv\u0113t\u0101 Gara sp\u0113ku, kas n\u0101ks p\u0101r jums, un j\u016bs b\u016bsiet mani liecinieki gan Jeruzalem\u0113 un vis\u0101 J\u016bdej\u0101, gan Samarij\u0101 un l\u012bdz pat pasaules galam.\u201d\u201d (Apd 1:7-8) T\u0101tad Dievs t\u0101 viet\u0101, lai mudin\u0101tu m\u016bs noteikt Vi\u0146a atn\u0101k\u0161anas datumu, liek dom\u0101t par visliel\u0101ko d\u0101vanu \u2014 Sv\u0113to Garu \u2014, lai, atsauku\u0161ies Vi\u0146a aicin\u0101jumam, m\u0113s var\u0113tu liecin\u0101t par J\u0113zu tiem, kas Vi\u0146u nepaz\u012bst.<\/p>\n","protected":false},"excerpt":{"rendered":"<p>Kristus atk\u0101rtoti un piln\u0101 p\u0101rliec\u012bb\u0101 apliecin\u0101ja, ka v\u0113lreiz n\u0101ks uz \u0161o zemi. Tic\u012bgajiem tas noz\u012bm\u0113, ka v\u0113stures gaita nav bezm\u0113r\u0137\u012bga un ka Dieva ce\u013ci sasniegs piepild\u012bjumu. Vi\u0146a m\u012blest\u012bba un taisn\u012bba svin\u0113s uzvaru. T\u0101p\u0113c kristie\u0161iem ir m\u0113r\u0137is, uz ko koncentr\u0113ties.<\/p>\n","protected":false},"author":5,"featured_media":0,"comment_status":"open","ping_status":"open","sticky":false,"template":"","format":"standard","meta":{"jetpack_post_was_ever_published":false,"_jetpack_newsletter_access":"","_jetpack_dont_email_post_to_subs":false,"_jetpack_newsletter_tier_id":0,"footnotes":""},"categories":[11],"tags":[],"class_list":["post-3091","post","type-post","status-publish","format-standard","hentry","category-ticiba"],"jetpack_featured_media_url":"","jetpack_shortlink":"https:\/\/wp.me\/pcEKB-NR","jetpack_sharing_enabled":true,"_links":{"self":[{"href":"https:\/\/www.valmiera.adventisti.lv\/index.php?rest_route=\/wp\/v2\/posts\/3091","targetHints":{"allow":["GET"]}}],"collection":[{"href":"https:\/\/www.valmiera.adventisti.lv\/index.php?rest_route=\/wp\/v2\/posts"}],"about":[{"href":"https:\/\/www.valmiera.adventisti.lv\/index.php?rest_route=\/wp\/v2\/types\/post"}],"author":[{"embeddable":true,"href":"https:\/\/www.valmiera.adventisti.lv\/index.php?rest_route=\/wp\/v2\/users\/5"}],"replies":[{"embeddable":true,"href":"https:\/\/www.valmiera.adventisti.lv\/index.php?rest_route=%2Fwp%2Fv2%2Fcomments&post=3091"}],"version-history":[{"count":1,"href":"https:\/\/www.valmiera.adventisti.lv\/index.php?rest_route=\/wp\/v2\/posts\/3091\/revisions"}],"predecessor-version":[{"id":3092,"href":"https:\/\/www.valmiera.adventisti.lv\/index.php?rest_route=\/wp\/v2\/posts\/3091\/revisions\/3092"}],"wp:attachment":[{"href":"https:\/\/www.valmiera.adventisti.lv\/index.php?rest_route=%2Fwp%2Fv2%2Fmedia&parent=3091"}],"wp:term":[{"taxonomy":"category","embeddable":true,"href":"https:\/\/www.valmiera.adventisti.lv\/index.php?rest_route=%2Fwp%2Fv2%2Fcategories&post=3091"},{"taxonomy":"post_tag","embeddable":true,"href":"https:\/\/www.valmiera.adventisti.lv\/index.php?rest_route=%2Fwp%2Fv2%2Ftags&post=3091"}],"curies":[{"name":"wp","href":"https:\/\/api.w.org\/{rel}","templated":true}]}}