{"id":3095,"date":"2021-02-25T13:00:50","date_gmt":"2021-02-25T11:00:50","guid":{"rendered":"http:\/\/www.valmiera.adventisti.lv\/?p=3095"},"modified":"2021-02-25T13:00:50","modified_gmt":"2021-02-25T11:00:50","slug":"dievs-ar-mums","status":"publish","type":"post","link":"https:\/\/www.valmiera.adventisti.lv\/?p=3095","title":{"rendered":"Dievs ar mums"},"content":{"rendered":"<p>Daudzi cilv\u0113ki no Dieva izl\u016bdzas z\u012bmes: Vi\u0146a kl\u0101tb\u016btnes z\u012bmi, Vi\u0146a vad\u012bbas z\u012bmi, Vi\u0146a m\u012blest\u012bbas z\u012bmi. Bet m\u0113s aizmirstam, ka visas \u0161\u012bs lietas jau ir J\u0113zus garant\u0113tas. Mums tikai t\u0101s j\u0101satver tic\u012bb\u0101. V\u0113stul\u0113 ebrejiem 11:1 m\u0113s las\u0101m: \u201cJo tic\u012bba ir stipra pa\u013cau\u0161an\u0101s uz to, kas cerams, p\u0101rliec\u012bba par neredzam\u0101m liet\u0101m.\u201d<!--more--> T\u0101tad stipra pa\u013cau\u0161an\u0101s uz cer\u0113to, p\u0101rliecin\u0101\u0161an\u0101s par re\u0101liem faktiem, ko neredzam un nesp\u0113jam tvert ar vis\u0101m cit\u0101m m\u016bsu ma\u0146\u0101m, tikai pie\u0146emt tic\u012bb\u0101. Tic\u0113t, ne redz\u0113t! T\u0101 viet\u0101, lai pras\u012btu z\u012bmes, l\u016bgsim p\u0113c tic\u012bbas neredzamajam \u2014 un m\u016bsu sirds tiks piepild\u012bta ar Vi\u0146a kl\u0101tb\u016btnes gaismu, jo Vi\u0146\u0161 ir IMANUELS \u2014 Dievs ar mums!<\/p>\n","protected":false},"excerpt":{"rendered":"<p>Daudzi cilv\u0113ki no Dieva izl\u016bdzas z\u012bmes: Vi\u0146a kl\u0101tb\u016btnes z\u012bmi, Vi\u0146a vad\u012bbas z\u012bmi, Vi\u0146a m\u012blest\u012bbas z\u012bmi. Bet m\u0113s aizmirstam, ka visas \u0161\u012bs lietas jau ir J\u0113zus garant\u0113tas. Mums tikai t\u0101s j\u0101satver tic\u012bb\u0101. V\u0113stul\u0113 ebrejiem 11:1 m\u0113s las\u0101m: \u201cJo tic\u012bba ir stipra pa\u013cau\u0161an\u0101s uz to, kas cerams, p\u0101rliec\u012bba par neredzam\u0101m liet\u0101m.\u201d<\/p>\n","protected":false},"author":5,"featured_media":0,"comment_status":"open","ping_status":"open","sticky":false,"template":"","format":"standard","meta":{"jetpack_post_was_ever_published":false,"_jetpack_newsletter_access":"","_jetpack_dont_email_post_to_subs":false,"_jetpack_newsletter_tier_id":0,"footnotes":""},"categories":[11],"tags":[],"class_list":["post-3095","post","type-post","status-publish","format-standard","hentry","category-ticiba"],"jetpack_featured_media_url":"","jetpack_shortlink":"https:\/\/wp.me\/pcEKB-NV","jetpack_sharing_enabled":true,"_links":{"self":[{"href":"https:\/\/www.valmiera.adventisti.lv\/index.php?rest_route=\/wp\/v2\/posts\/3095","targetHints":{"allow":["GET"]}}],"collection":[{"href":"https:\/\/www.valmiera.adventisti.lv\/index.php?rest_route=\/wp\/v2\/posts"}],"about":[{"href":"https:\/\/www.valmiera.adventisti.lv\/index.php?rest_route=\/wp\/v2\/types\/post"}],"author":[{"embeddable":true,"href":"https:\/\/www.valmiera.adventisti.lv\/index.php?rest_route=\/wp\/v2\/users\/5"}],"replies":[{"embeddable":true,"href":"https:\/\/www.valmiera.adventisti.lv\/index.php?rest_route=%2Fwp%2Fv2%2Fcomments&post=3095"}],"version-history":[{"count":1,"href":"https:\/\/www.valmiera.adventisti.lv\/index.php?rest_route=\/wp\/v2\/posts\/3095\/revisions"}],"predecessor-version":[{"id":3096,"href":"https:\/\/www.valmiera.adventisti.lv\/index.php?rest_route=\/wp\/v2\/posts\/3095\/revisions\/3096"}],"wp:attachment":[{"href":"https:\/\/www.valmiera.adventisti.lv\/index.php?rest_route=%2Fwp%2Fv2%2Fmedia&parent=3095"}],"wp:term":[{"taxonomy":"category","embeddable":true,"href":"https:\/\/www.valmiera.adventisti.lv\/index.php?rest_route=%2Fwp%2Fv2%2Fcategories&post=3095"},{"taxonomy":"post_tag","embeddable":true,"href":"https:\/\/www.valmiera.adventisti.lv\/index.php?rest_route=%2Fwp%2Fv2%2Ftags&post=3095"}],"curies":[{"name":"wp","href":"https:\/\/api.w.org\/{rel}","templated":true}]}}