{"id":3177,"date":"2021-04-01T10:03:22","date_gmt":"2021-04-01T08:03:22","guid":{"rendered":"http:\/\/www.valmiera.adventisti.lv\/?p=3177"},"modified":"2021-04-01T10:03:22","modified_gmt":"2021-04-01T08:03:22","slug":"dieva-iemilotais-vards","status":"publish","type":"post","link":"https:\/\/www.valmiera.adventisti.lv\/?p=3177","title":{"rendered":"Dieva iem\u012b\u013cotais v\u0101rds"},"content":{"rendered":"<p>Vai zini, ka viens no Dieva iem\u012b\u013cotajiem v\u0101rdiem ir \u201ccaur\u201d? Las\u012bsim, ko Vi\u0146\u0161 saka (Jesajas 43:2-3): \u201cKad tu iesi caur \u016bde\u0146iem, Es b\u016b\u0161u ar tevi, un cauri up\u0113m, t\u0101s tevi neaizraus, kad caur uguni iesi, tu nesadegsi, liesma tevi neapsvilin\u0101s! Jo Es esmu Kungs, tavs Dievs.\u201d<!--more--> K\u0101 redzi, Dievs ir speci\u0101lists izvad\u012bt m\u016bs cauri gr\u016btiem laikiem. K\u0101dam t\u0101 ir \u0161\u0137ir\u0161an\u0101s, k\u0101dam \u2014 bezdarbs, k\u0101dam \u2014 slim\u012bba. T\u0101 k\u0101 J\u0113zus nomira pie krusta, kristietim pat n\u0101ve nav palieko\u0161a. Nevien\u0101s gr\u016bt\u012bb\u0101s tu nepaliksi vienm\u0113r. Dievs tevi p\u0101rliecin\u0101s, ka sp\u0113si iziet cauri visam, kas n\u0101ks priek\u0161\u0101. Vai t\u0101 nav br\u012bni\u0161\u0137\u012bga v\u0113sts?<\/p>\n","protected":false},"excerpt":{"rendered":"<p>Vai zini, ka viens no Dieva iem\u012b\u013cotajiem v\u0101rdiem ir \u201ccaur\u201d? Las\u012bsim, ko Vi\u0146\u0161 saka (Jesajas 43:2-3): \u201cKad tu iesi caur \u016bde\u0146iem, Es b\u016b\u0161u ar tevi, un cauri up\u0113m, t\u0101s tevi neaizraus, kad caur uguni iesi, tu nesadegsi, liesma tevi neapsvilin\u0101s! Jo Es esmu Kungs, tavs Dievs.\u201d<\/p>\n","protected":false},"author":5,"featured_media":0,"comment_status":"open","ping_status":"open","sticky":false,"template":"","format":"standard","meta":{"jetpack_post_was_ever_published":false,"_jetpack_newsletter_access":"","_jetpack_dont_email_post_to_subs":false,"_jetpack_newsletter_tier_id":0,"footnotes":""},"categories":[11],"tags":[],"class_list":["post-3177","post","type-post","status-publish","format-standard","hentry","category-ticiba"],"jetpack_featured_media_url":"","jetpack_shortlink":"https:\/\/wp.me\/pcEKB-Pf","jetpack_sharing_enabled":true,"_links":{"self":[{"href":"https:\/\/www.valmiera.adventisti.lv\/index.php?rest_route=\/wp\/v2\/posts\/3177","targetHints":{"allow":["GET"]}}],"collection":[{"href":"https:\/\/www.valmiera.adventisti.lv\/index.php?rest_route=\/wp\/v2\/posts"}],"about":[{"href":"https:\/\/www.valmiera.adventisti.lv\/index.php?rest_route=\/wp\/v2\/types\/post"}],"author":[{"embeddable":true,"href":"https:\/\/www.valmiera.adventisti.lv\/index.php?rest_route=\/wp\/v2\/users\/5"}],"replies":[{"embeddable":true,"href":"https:\/\/www.valmiera.adventisti.lv\/index.php?rest_route=%2Fwp%2Fv2%2Fcomments&post=3177"}],"version-history":[{"count":1,"href":"https:\/\/www.valmiera.adventisti.lv\/index.php?rest_route=\/wp\/v2\/posts\/3177\/revisions"}],"predecessor-version":[{"id":3178,"href":"https:\/\/www.valmiera.adventisti.lv\/index.php?rest_route=\/wp\/v2\/posts\/3177\/revisions\/3178"}],"wp:attachment":[{"href":"https:\/\/www.valmiera.adventisti.lv\/index.php?rest_route=%2Fwp%2Fv2%2Fmedia&parent=3177"}],"wp:term":[{"taxonomy":"category","embeddable":true,"href":"https:\/\/www.valmiera.adventisti.lv\/index.php?rest_route=%2Fwp%2Fv2%2Fcategories&post=3177"},{"taxonomy":"post_tag","embeddable":true,"href":"https:\/\/www.valmiera.adventisti.lv\/index.php?rest_route=%2Fwp%2Fv2%2Ftags&post=3177"}],"curies":[{"name":"wp","href":"https:\/\/api.w.org\/{rel}","templated":true}]}}