{"id":3206,"date":"2021-04-07T11:03:36","date_gmt":"2021-04-07T09:03:36","guid":{"rendered":"http:\/\/www.valmiera.adventisti.lv\/?p=3206"},"modified":"2021-04-07T11:03:36","modified_gmt":"2021-04-07T09:03:36","slug":"greka-auglis","status":"publish","type":"post","link":"https:\/\/www.valmiera.adventisti.lv\/?p=3206","title":{"rendered":"Gr\u0113ka auglis"},"content":{"rendered":"<p>K\u0101ds ir gr\u0113ka auglis? Iek\u0101piet cilv\u0113ces \u0113rk\u0161\u0137u un dad\u017eu lauk\u0101 \u2014 un izjut\u012bsiet! Bailes. Apkaunojums. Mazd\u016b\u0161\u012bba. Raizes. Trauksme. Vai m\u016bsu sird\u012bm nav pie\u0137\u0113ru\u0161ies \u0161\u0101di dad\u017ei? Tom\u0113r J\u0113zum t\u0101di nepie\u0137\u0113r\u0101s. Vi\u0146a sird\u012b ned\u016br\u0101s gr\u0113ka \u0113rk\u0161\u0137i. Trauksme?<!--more--> Vi\u0146\u0161 nekad neuztrauc\u0101s. Vaina? Vi\u0146\u0161 nekad nejut\u0101s vain\u012bgs. Bailes? Vi\u0146\u0161 nekad neatst\u0101ja Dieva kl\u0101tb\u016btni. Vi\u0146\u0161 nepazina gr\u0113ka aug\u013cus, l\u012bdz pats k\u013cuva par gr\u0113ku m\u016bsu lab\u0101. Un, to izdar\u012bjis, Vi\u0146\u0161 jut\u0101s noraiz\u0113jies, vain\u012bgs un pamests. Vai dzirdat to Vi\u0146a l\u016bg\u0161an\u0101 \u2014 \u201cMans Dievs, mans Dievs, k\u0101p\u0113c Tu mani atst\u0101ji?\u201d Tie nav Sv\u0113t\u0101 v\u0101rdi; tas ir gr\u0113cinieka kliedziens. Un tie ir v\u0101rdi, kas b\u016btu j\u0101saka mums; tom\u0113r Vi\u0146\u0161 tos teica m\u016bsu viet\u0101. Vi\u0146\u0161 uz\u0146\u0113m\u0101s gr\u0113ka aug\u013cus, lai m\u0113s var\u0113tu baud\u012bt m\u016b\u017e\u012bg\u0101s dz\u012bves aug\u013cus.<\/p>\n","protected":false},"excerpt":{"rendered":"<p>K\u0101ds ir gr\u0113ka auglis? Iek\u0101piet cilv\u0113ces \u0113rk\u0161\u0137u un dad\u017eu lauk\u0101 \u2014 un izjut\u012bsiet! Bailes. Apkaunojums. Mazd\u016b\u0161\u012bba. Raizes. Trauksme. Vai m\u016bsu sird\u012bm nav pie\u0137\u0113ru\u0161ies \u0161\u0101di dad\u017ei? Tom\u0113r J\u0113zum t\u0101di nepie\u0137\u0113r\u0101s. Vi\u0146a sird\u012b ned\u016br\u0101s gr\u0113ka \u0113rk\u0161\u0137i. Trauksme?<\/p>\n","protected":false},"author":5,"featured_media":0,"comment_status":"open","ping_status":"open","sticky":false,"template":"","format":"standard","meta":{"jetpack_post_was_ever_published":false,"_jetpack_newsletter_access":"","_jetpack_dont_email_post_to_subs":false,"_jetpack_newsletter_tier_id":0,"footnotes":""},"categories":[11],"tags":[],"class_list":["post-3206","post","type-post","status-publish","format-standard","hentry","category-ticiba"],"jetpack_featured_media_url":"","jetpack_shortlink":"https:\/\/wp.me\/pcEKB-PI","jetpack_sharing_enabled":true,"_links":{"self":[{"href":"https:\/\/www.valmiera.adventisti.lv\/index.php?rest_route=\/wp\/v2\/posts\/3206","targetHints":{"allow":["GET"]}}],"collection":[{"href":"https:\/\/www.valmiera.adventisti.lv\/index.php?rest_route=\/wp\/v2\/posts"}],"about":[{"href":"https:\/\/www.valmiera.adventisti.lv\/index.php?rest_route=\/wp\/v2\/types\/post"}],"author":[{"embeddable":true,"href":"https:\/\/www.valmiera.adventisti.lv\/index.php?rest_route=\/wp\/v2\/users\/5"}],"replies":[{"embeddable":true,"href":"https:\/\/www.valmiera.adventisti.lv\/index.php?rest_route=%2Fwp%2Fv2%2Fcomments&post=3206"}],"version-history":[{"count":1,"href":"https:\/\/www.valmiera.adventisti.lv\/index.php?rest_route=\/wp\/v2\/posts\/3206\/revisions"}],"predecessor-version":[{"id":3207,"href":"https:\/\/www.valmiera.adventisti.lv\/index.php?rest_route=\/wp\/v2\/posts\/3206\/revisions\/3207"}],"wp:attachment":[{"href":"https:\/\/www.valmiera.adventisti.lv\/index.php?rest_route=%2Fwp%2Fv2%2Fmedia&parent=3206"}],"wp:term":[{"taxonomy":"category","embeddable":true,"href":"https:\/\/www.valmiera.adventisti.lv\/index.php?rest_route=%2Fwp%2Fv2%2Fcategories&post=3206"},{"taxonomy":"post_tag","embeddable":true,"href":"https:\/\/www.valmiera.adventisti.lv\/index.php?rest_route=%2Fwp%2Fv2%2Ftags&post=3206"}],"curies":[{"name":"wp","href":"https:\/\/api.w.org\/{rel}","templated":true}]}}