{"id":3215,"date":"2021-04-12T11:00:51","date_gmt":"2021-04-12T09:00:51","guid":{"rendered":"http:\/\/www.valmiera.adventisti.lv\/?p=3215"},"modified":"2021-04-12T11:00:51","modified_gmt":"2021-04-12T09:00:51","slug":"visu-uztici-dievam","status":"publish","type":"post","link":"https:\/\/www.valmiera.adventisti.lv\/?p=3215","title":{"rendered":"Visu uztici Dievam"},"content":{"rendered":"<p>Par J\u0113zu Vi\u0146a m\u0101ceklis P\u0113teris liecin\u0101ja: \u201cVi\u0146\u0161 zaimots neatbild\u0113ja ar zaimiem, ciezdams nedraud\u0113ja, bet atst\u0101ja visu Tam, kas sprie\u017e taisnu tiesu. \u201d(1. P\u0113tera 2:23). Kad tav\u0101 ce\u013c\u0101 nost\u0101jas k\u0101ds aps\u016bdz\u0113t\u0101js, nes\u0101c taisnoties darba kol\u0113\u0123u vai draugu priek\u0161\u0101! <!--more-->T\u0101 viet\u0101 uztici sevi Dievam un Vi\u0146a sol\u012bjumiem. L\u016bdz Dievu: \u201cKungs, es zinu, ka Tu mani m\u012bli. Es zinu, ka Tev ir pl\u0101ns manai dz\u012bvei. Es uztic\u0113\u0161os Tev.\u201d \u0136\u0113ni\u0146\u0161 D\u0101vids to izteica \u0161\u0101di: \u201cTas Kungs ir ar mani, t\u0101p\u0113c man neb\u016bs bai\u013cu. Ko gan cilv\u0113ki var man nodar\u012bt?\u201d (Psalms 118: 6). Lai tu b\u016btu laim\u012bgs, tev nav nepiecie\u0161ama citu atzin\u012bba. Svar\u012bgs ir tikai Kunga viedoklis. Psalm\u0101 119:11 D\u0101vids raksta: \u201cSird\u012b es noglab\u0101ju Tavus v\u0101rdus, lai nesagr\u0113kotu pret Tevi!\u201d T\u0101 j\u0101dara ar\u012b tev. P\u0101rtrauc dom\u0101s glab\u0101t negat\u012bvo! T\u0101 viet\u0101 kr\u0101j Dieva apsol\u012bjumus! Un uzticies, ka Vi\u0146\u0161 dar\u012bs tie\u0161i to, ko saka!<\/p>\n","protected":false},"excerpt":{"rendered":"<p>Par J\u0113zu Vi\u0146a m\u0101ceklis P\u0113teris liecin\u0101ja: \u201cVi\u0146\u0161 zaimots neatbild\u0113ja ar zaimiem, ciezdams nedraud\u0113ja, bet atst\u0101ja visu Tam, kas sprie\u017e taisnu tiesu. \u201d(1. P\u0113tera 2:23). Kad tav\u0101 ce\u013c\u0101 nost\u0101jas k\u0101ds aps\u016bdz\u0113t\u0101js, nes\u0101c taisnoties darba kol\u0113\u0123u vai draugu priek\u0161\u0101!<\/p>\n","protected":false},"author":5,"featured_media":0,"comment_status":"open","ping_status":"open","sticky":false,"template":"","format":"standard","meta":{"jetpack_post_was_ever_published":false,"_jetpack_newsletter_access":"","_jetpack_dont_email_post_to_subs":false,"_jetpack_newsletter_tier_id":0,"footnotes":""},"categories":[11],"tags":[],"class_list":["post-3215","post","type-post","status-publish","format-standard","hentry","category-ticiba"],"jetpack_featured_media_url":"","jetpack_shortlink":"https:\/\/wp.me\/pcEKB-PR","jetpack_sharing_enabled":true,"_links":{"self":[{"href":"https:\/\/www.valmiera.adventisti.lv\/index.php?rest_route=\/wp\/v2\/posts\/3215","targetHints":{"allow":["GET"]}}],"collection":[{"href":"https:\/\/www.valmiera.adventisti.lv\/index.php?rest_route=\/wp\/v2\/posts"}],"about":[{"href":"https:\/\/www.valmiera.adventisti.lv\/index.php?rest_route=\/wp\/v2\/types\/post"}],"author":[{"embeddable":true,"href":"https:\/\/www.valmiera.adventisti.lv\/index.php?rest_route=\/wp\/v2\/users\/5"}],"replies":[{"embeddable":true,"href":"https:\/\/www.valmiera.adventisti.lv\/index.php?rest_route=%2Fwp%2Fv2%2Fcomments&post=3215"}],"version-history":[{"count":1,"href":"https:\/\/www.valmiera.adventisti.lv\/index.php?rest_route=\/wp\/v2\/posts\/3215\/revisions"}],"predecessor-version":[{"id":3216,"href":"https:\/\/www.valmiera.adventisti.lv\/index.php?rest_route=\/wp\/v2\/posts\/3215\/revisions\/3216"}],"wp:attachment":[{"href":"https:\/\/www.valmiera.adventisti.lv\/index.php?rest_route=%2Fwp%2Fv2%2Fmedia&parent=3215"}],"wp:term":[{"taxonomy":"category","embeddable":true,"href":"https:\/\/www.valmiera.adventisti.lv\/index.php?rest_route=%2Fwp%2Fv2%2Fcategories&post=3215"},{"taxonomy":"post_tag","embeddable":true,"href":"https:\/\/www.valmiera.adventisti.lv\/index.php?rest_route=%2Fwp%2Fv2%2Ftags&post=3215"}],"curies":[{"name":"wp","href":"https:\/\/api.w.org\/{rel}","templated":true}]}}