{"id":3222,"date":"2021-04-15T10:36:00","date_gmt":"2021-04-15T08:36:00","guid":{"rendered":"http:\/\/www.valmiera.adventisti.lv\/?p=3222"},"modified":"2021-04-15T10:36:00","modified_gmt":"2021-04-15T08:36:00","slug":"es-esmu-ar-tevi","status":"publish","type":"post","link":"https:\/\/www.valmiera.adventisti.lv\/?p=3222","title":{"rendered":"Es Esmu ar tevi"},"content":{"rendered":"<p>Da\u017ek\u0101rt pien\u0101k br\u012b\u017ei, kad vien\u012bgais, kas mums paliek, ir Dieva apsol\u012bjums. T\u0101! Un liekas, ka ar to nepietiek. \u012apa\u0161i, kad non\u0101kam dzi\u013c\u0101s probl\u0113m\u0101s, kas k\u0101pj \u201cp\u0101ri galvai\u201d. Bet tad j\u0101atceras, ka Dievs kontrol\u0113 visas lietas. Izt\u0113lojies, k\u0101 \u0100brah\u0101ms, sa\u0146\u0113mis Dieva apsol\u012bjumu m\u016b\u017ea nogal\u0113 g\u016bt d\u0113lu, raug\u0101s uz savu veco \u0137ermeni un nosirmojo\u0161o sievu!<!--more-->Bet Dievs vi\u0146am liek izn\u0101kt \u0101r\u0101 un skait\u012bt zvaigznes, liekot dom\u0101t par pla\u0161u p\u0113cn\u0101c\u0113ju pulku. Las\u0101m (1. Mozus 15:6): \u201cUn vi\u0146\u0161 tic\u0113ja Kungam.\u201d Vi\u0146\u0161 gan grib\u0113ja, k\u0101 nu prata, pal\u012bdz\u0113t Kungam. Bet Dievs savu apsol\u012bjumu piepild\u012bja tie\u0161i t\u0101, k\u0101 Vi\u0146\u0161 bija teicis. Viens no Vi\u0146a liel\u0101kiem apsol\u012bjumiem, uz kuru m\u0113s \u0161aj\u0101 dien\u0101 varam pa\u013cauties, ir: \u201cEs Esmu ar tevi!\u201d Iel\u016bkosimies Dieva apsol\u012bjumos un pie\u0146emsim tos sev!<\/p>\n","protected":false},"excerpt":{"rendered":"<p>Da\u017ek\u0101rt pien\u0101k br\u012b\u017ei, kad vien\u012bgais, kas mums paliek, ir Dieva apsol\u012bjums. T\u0101! Un liekas, ka ar to nepietiek. \u012apa\u0161i, kad non\u0101kam dzi\u013c\u0101s probl\u0113m\u0101s, kas k\u0101pj \u201cp\u0101ri galvai\u201d. Bet tad j\u0101atceras, ka Dievs kontrol\u0113 visas lietas. Izt\u0113lojies, k\u0101 \u0100brah\u0101ms, sa\u0146\u0113mis Dieva apsol\u012bjumu m\u016b\u017ea nogal\u0113 g\u016bt d\u0113lu, raug\u0101s uz savu veco \u0137ermeni un nosirmojo\u0161o sievu!<\/p>\n","protected":false},"author":5,"featured_media":0,"comment_status":"open","ping_status":"open","sticky":false,"template":"","format":"standard","meta":{"jetpack_post_was_ever_published":false,"_jetpack_newsletter_access":"","_jetpack_dont_email_post_to_subs":false,"_jetpack_newsletter_tier_id":0,"footnotes":""},"categories":[11],"tags":[],"class_list":["post-3222","post","type-post","status-publish","format-standard","hentry","category-ticiba"],"jetpack_featured_media_url":"","jetpack_shortlink":"https:\/\/wp.me\/pcEKB-PY","jetpack_sharing_enabled":true,"_links":{"self":[{"href":"https:\/\/www.valmiera.adventisti.lv\/index.php?rest_route=\/wp\/v2\/posts\/3222","targetHints":{"allow":["GET"]}}],"collection":[{"href":"https:\/\/www.valmiera.adventisti.lv\/index.php?rest_route=\/wp\/v2\/posts"}],"about":[{"href":"https:\/\/www.valmiera.adventisti.lv\/index.php?rest_route=\/wp\/v2\/types\/post"}],"author":[{"embeddable":true,"href":"https:\/\/www.valmiera.adventisti.lv\/index.php?rest_route=\/wp\/v2\/users\/5"}],"replies":[{"embeddable":true,"href":"https:\/\/www.valmiera.adventisti.lv\/index.php?rest_route=%2Fwp%2Fv2%2Fcomments&post=3222"}],"version-history":[{"count":1,"href":"https:\/\/www.valmiera.adventisti.lv\/index.php?rest_route=\/wp\/v2\/posts\/3222\/revisions"}],"predecessor-version":[{"id":3223,"href":"https:\/\/www.valmiera.adventisti.lv\/index.php?rest_route=\/wp\/v2\/posts\/3222\/revisions\/3223"}],"wp:attachment":[{"href":"https:\/\/www.valmiera.adventisti.lv\/index.php?rest_route=%2Fwp%2Fv2%2Fmedia&parent=3222"}],"wp:term":[{"taxonomy":"category","embeddable":true,"href":"https:\/\/www.valmiera.adventisti.lv\/index.php?rest_route=%2Fwp%2Fv2%2Fcategories&post=3222"},{"taxonomy":"post_tag","embeddable":true,"href":"https:\/\/www.valmiera.adventisti.lv\/index.php?rest_route=%2Fwp%2Fv2%2Ftags&post=3222"}],"curies":[{"name":"wp","href":"https:\/\/api.w.org\/{rel}","templated":true}]}}