{"id":3237,"date":"2021-04-21T11:39:35","date_gmt":"2021-04-21T09:39:35","guid":{"rendered":"http:\/\/www.valmiera.adventisti.lv\/?p=3237"},"modified":"2021-04-21T11:39:35","modified_gmt":"2021-04-21T09:39:35","slug":"tu-vari-kalpot-ar-prieku","status":"publish","type":"post","link":"https:\/\/www.valmiera.adventisti.lv\/?p=3237","title":{"rendered":"Tu vari kalpot ar prieku"},"content":{"rendered":"<p>Da\u017ei cilv\u0113ki j\u016btas tik izgl\u0101bti, ka nekad nekalpo. Da\u017ei kalpo cer\u012bb\u0101 tikt izgl\u0101bti. Vai ar\u012b tu piederi k\u0101dai no \u0161\u012bm grup\u0101m? Vai j\u016bties tik izgl\u0101bts, ka nekad nekalpo? Vai esi tik apmierin\u0101ts ar Dieva paveikto, ka neredzi vajadz\u012bbu pa\u0161am kaut ko dar\u012bt? Paties\u012bb\u0101 m\u0113s esam \u0161eit, lai pagodin\u0101tu Dievu sav\u0101 kalpo\u0161an\u0101.<!--more--> Bet varb\u016bt, glu\u017ei otr\u0101di, tu vienm\u0113r kalpo \u2014 aiz bail\u0113m, ka cit\u0101di netiksi izgl\u0101bts? Tu uztraucies, ka past\u0101v k\u0101da slepena kart\u012bte, kur\u0101 tiek atz\u012bm\u0113ti tavi pan\u0101kumi \u2014 un tie nav pietiekami. Vai t\u0101? Tad tev j\u0101zina: lai tevi gl\u0101btu, pietiek ar J\u0113zus asin\u012bm. J\u0113zus ir \u201cDieva J\u0113rs, kas nes (no\u0146em) pasaules gr\u0113ku.\u201d (J\u0101\u0146a 1:29) Kristus asinis nevis apkl\u0101j, apsl\u0113pj, samazina vai pastumj zem pakl\u0101ja tavus gr\u0113kus, bet piln\u012bgi at\u0146em tos. Ja tu Vi\u0146am atz\u012bsties savos gr\u0113kos un l\u016bdz piedo\u0161anu, Vi\u0146\u0161 piedod un no\u0146em tos. Tu esi gl\u0101bts un vari kalpot Vi\u0146am ar prieku.<\/p>\n","protected":false},"excerpt":{"rendered":"<p>Da\u017ei cilv\u0113ki j\u016btas tik izgl\u0101bti, ka nekad nekalpo. Da\u017ei kalpo cer\u012bb\u0101 tikt izgl\u0101bti. Vai ar\u012b tu piederi k\u0101dai no \u0161\u012bm grup\u0101m? Vai j\u016bties tik izgl\u0101bts, ka nekad nekalpo? Vai esi tik apmierin\u0101ts ar Dieva paveikto, ka neredzi vajadz\u012bbu pa\u0161am kaut ko dar\u012bt? Paties\u012bb\u0101 m\u0113s esam \u0161eit, lai pagodin\u0101tu Dievu sav\u0101 kalpo\u0161an\u0101.<\/p>\n","protected":false},"author":5,"featured_media":0,"comment_status":"open","ping_status":"open","sticky":false,"template":"","format":"standard","meta":{"jetpack_post_was_ever_published":false,"_jetpack_newsletter_access":"","_jetpack_dont_email_post_to_subs":false,"_jetpack_newsletter_tier_id":0,"footnotes":""},"categories":[11],"tags":[],"class_list":["post-3237","post","type-post","status-publish","format-standard","hentry","category-ticiba"],"jetpack_featured_media_url":"","jetpack_shortlink":"https:\/\/wp.me\/pcEKB-Qd","jetpack_sharing_enabled":true,"_links":{"self":[{"href":"https:\/\/www.valmiera.adventisti.lv\/index.php?rest_route=\/wp\/v2\/posts\/3237","targetHints":{"allow":["GET"]}}],"collection":[{"href":"https:\/\/www.valmiera.adventisti.lv\/index.php?rest_route=\/wp\/v2\/posts"}],"about":[{"href":"https:\/\/www.valmiera.adventisti.lv\/index.php?rest_route=\/wp\/v2\/types\/post"}],"author":[{"embeddable":true,"href":"https:\/\/www.valmiera.adventisti.lv\/index.php?rest_route=\/wp\/v2\/users\/5"}],"replies":[{"embeddable":true,"href":"https:\/\/www.valmiera.adventisti.lv\/index.php?rest_route=%2Fwp%2Fv2%2Fcomments&post=3237"}],"version-history":[{"count":1,"href":"https:\/\/www.valmiera.adventisti.lv\/index.php?rest_route=\/wp\/v2\/posts\/3237\/revisions"}],"predecessor-version":[{"id":3238,"href":"https:\/\/www.valmiera.adventisti.lv\/index.php?rest_route=\/wp\/v2\/posts\/3237\/revisions\/3238"}],"wp:attachment":[{"href":"https:\/\/www.valmiera.adventisti.lv\/index.php?rest_route=%2Fwp%2Fv2%2Fmedia&parent=3237"}],"wp:term":[{"taxonomy":"category","embeddable":true,"href":"https:\/\/www.valmiera.adventisti.lv\/index.php?rest_route=%2Fwp%2Fv2%2Fcategories&post=3237"},{"taxonomy":"post_tag","embeddable":true,"href":"https:\/\/www.valmiera.adventisti.lv\/index.php?rest_route=%2Fwp%2Fv2%2Ftags&post=3237"}],"curies":[{"name":"wp","href":"https:\/\/api.w.org\/{rel}","templated":true}]}}