{"id":3251,"date":"2021-04-28T11:49:34","date_gmt":"2021-04-28T09:49:34","guid":{"rendered":"http:\/\/www.valmiera.adventisti.lv\/?p=3251"},"modified":"2021-04-28T11:49:34","modified_gmt":"2021-04-28T09:49:34","slug":"dzive-apsolitaja-zeme","status":"publish","type":"post","link":"https:\/\/www.valmiera.adventisti.lv\/?p=3251","title":{"rendered":"Dz\u012bve apsol\u012btaj\u0101 zem\u0113"},"content":{"rendered":"<div class=\"_d41d8cd98f00b204e9800998ecf8427e \">Dievs run\u0101ja, Jozua klaus\u012bj\u0101s, un s\u0101k\u0101s Isra\u0113la god\u012bbas dienas. Jord\u0101nas upe pav\u0113r\u0101s, un J\u0113rikas pils\u0113tas sienas krita, \u013caunums tika izsak\u0146ots, un cer\u012bba atjaunota. Joshua 21:43-44 las\u0101m: \u201cKungs deva Isra\u0113lam visu zemi, ko Vi\u0146\u0161 bija zv\u0113r\u0113jis dot vi\u0146u t\u0113viem \u2014 un tie to iemantoja un tur apmet\u0101s. Kungs tiem \u013c\u0101va visur baud\u012bt mieru, k\u0101 Vi\u0146\u0161 bija zv\u0113r\u0113jis vi\u0146u t\u0113viem. Neviens ienaidnieks nevar\u0113ja st\u0101ties tiem pret\u012b, visus ienaidniekus Kungs atdeva vi\u0146u rok\u0101!\u201d<\/div>\n<p><!--more--><\/p>\n<div class=\"_d41d8cd98f00b204e9800998ecf8427e \">Varb\u016bt tev ir nepiecie\u0161ams iejusties jaunos apst\u0101k\u013cos? Tev nav j\u0101\u0161\u0137\u0113rso Jord\u0101nas upe, bet ar\u012b ikdien\u0101 pietiek izaicin\u0101jumu. Tav\u0101 priek\u0161\u0101 nav J\u0113rika, bet tu esi piedz\u012bvojis atraid\u012bjumu, \u00a0vai tev s\u0101p sirds. St\u0101sts par Jozuu ierosina m\u016bs tic\u0113t, ka Dievam ir apsol\u012bta zeme, kuru m\u0113s varam ie\u0146emt. Tas nav nekustamais \u012bpa\u0161ums, bet re\u0101ls sirds un pr\u0101ta st\u0101voklis: apsol\u012bt\u0101 zeme. Dz\u012bve apsol\u012btaj\u0101 zem\u0113.<\/div>\n","protected":false},"excerpt":{"rendered":"<p>Dievs run\u0101ja, Jozua klaus\u012bj\u0101s, un s\u0101k\u0101s Isra\u0113la god\u012bbas dienas. Jord\u0101nas upe pav\u0113r\u0101s, un J\u0113rikas pils\u0113tas sienas krita, \u013caunums tika izsak\u0146ots, un cer\u012bba atjaunota. Joshua 21:43-44 las\u0101m: \u201cKungs deva Isra\u0113lam visu zemi, ko Vi\u0146\u0161 bija zv\u0113r\u0113jis dot vi\u0146u t\u0113viem \u2014 un tie to iemantoja un tur apmet\u0101s. Kungs tiem \u013c\u0101va visur baud\u012bt mieru, k\u0101 Vi\u0146\u0161 bija [&hellip;]<\/p>\n","protected":false},"author":5,"featured_media":0,"comment_status":"open","ping_status":"open","sticky":false,"template":"","format":"standard","meta":{"jetpack_post_was_ever_published":false,"_jetpack_newsletter_access":"","_jetpack_dont_email_post_to_subs":false,"_jetpack_newsletter_tier_id":0,"footnotes":""},"categories":[11],"tags":[],"class_list":["post-3251","post","type-post","status-publish","format-standard","hentry","category-ticiba"],"jetpack_featured_media_url":"","jetpack_shortlink":"https:\/\/wp.me\/pcEKB-Qr","jetpack_sharing_enabled":true,"_links":{"self":[{"href":"https:\/\/www.valmiera.adventisti.lv\/index.php?rest_route=\/wp\/v2\/posts\/3251","targetHints":{"allow":["GET"]}}],"collection":[{"href":"https:\/\/www.valmiera.adventisti.lv\/index.php?rest_route=\/wp\/v2\/posts"}],"about":[{"href":"https:\/\/www.valmiera.adventisti.lv\/index.php?rest_route=\/wp\/v2\/types\/post"}],"author":[{"embeddable":true,"href":"https:\/\/www.valmiera.adventisti.lv\/index.php?rest_route=\/wp\/v2\/users\/5"}],"replies":[{"embeddable":true,"href":"https:\/\/www.valmiera.adventisti.lv\/index.php?rest_route=%2Fwp%2Fv2%2Fcomments&post=3251"}],"version-history":[{"count":1,"href":"https:\/\/www.valmiera.adventisti.lv\/index.php?rest_route=\/wp\/v2\/posts\/3251\/revisions"}],"predecessor-version":[{"id":3252,"href":"https:\/\/www.valmiera.adventisti.lv\/index.php?rest_route=\/wp\/v2\/posts\/3251\/revisions\/3252"}],"wp:attachment":[{"href":"https:\/\/www.valmiera.adventisti.lv\/index.php?rest_route=%2Fwp%2Fv2%2Fmedia&parent=3251"}],"wp:term":[{"taxonomy":"category","embeddable":true,"href":"https:\/\/www.valmiera.adventisti.lv\/index.php?rest_route=%2Fwp%2Fv2%2Fcategories&post=3251"},{"taxonomy":"post_tag","embeddable":true,"href":"https:\/\/www.valmiera.adventisti.lv\/index.php?rest_route=%2Fwp%2Fv2%2Ftags&post=3251"}],"curies":[{"name":"wp","href":"https:\/\/api.w.org\/{rel}","templated":true}]}}