{"id":3394,"date":"2021-07-06T11:17:06","date_gmt":"2021-07-06T09:17:06","guid":{"rendered":"http:\/\/www.valmiera.adventisti.lv\/?p=3394"},"modified":"2021-07-06T11:17:06","modified_gmt":"2021-07-06T09:17:06","slug":"milestiba","status":"publish","type":"post","link":"https:\/\/www.valmiera.adventisti.lv\/?p=3394","title":{"rendered":"M\u012blest\u012bba"},"content":{"rendered":"<p>Grie\u0137u valod\u0101 lietotais v\u0101rds, ko m\u0113s tulkojam k\u0101 \u201cm\u012blest\u012bba\u201d, noz\u012bm\u0113 nesavt\u012bgu m\u012blest\u012bbu. B\u016btiska ir p\u0113d\u0113j\u0101 fr\u0101ze \u2014 \u201ck\u0101 Es j\u016bs esmu m\u012bl\u0113jis\u201d. Vai esat \u013c\u0101vu\u0161i Dievam j\u016bs m\u012bl\u0113t? L\u016bdzu, nepaskrieniet gar\u0101m \u0161im jaut\u0101jumam! <!--more-->M\u0113s nem\u012blam cilv\u0113kus t\u0101p\u0113c, ka cilv\u0113ki ir m\u012b\u013ci. Paties\u012bba ir t\u0101da, ka cilv\u0113ki m\u0113dz b\u016bt kapr\u012bzi, sp\u012bt\u012bgi, savt\u012bgi un ne\u017e\u0113l\u012bgi. M\u0113s m\u012blam cilv\u0113kus cita iemesla d\u0113\u013c \u2014 jo esam piedz\u012bvoju\u0161i un ticam m\u012blest\u012bbai, kas Dievam ir pret mums. M\u0113s esam negaid\u012btas, nepeln\u012btas, ta\u010du nenoliedzamas d\u0101vanas \u2014 Dieva m\u012blest\u012bbas \u2014 sa\u0146\u0113m\u0113ji. Un, tikai sa\u0146emot m\u016bsu T\u0113va agape m\u012blest\u012bbu, m\u0113s varam atkl\u0101t agape m\u012blest\u012bbu pret citiem. T\u0101p\u0113c esiet m\u012bl\u0113ti un tad m\u012bliet! T\u0101pat k\u0101 ievainoti cilv\u0113ki ievaino cilv\u0113kus, m\u012bl\u0113ti cilv\u0113ki m\u012bl cilv\u0113kus. T\u0101p\u0113c \u013caujiet Dievam j\u016bs m\u012bl\u0113t! T\u0101 rodas laime.<\/p>\n","protected":false},"excerpt":{"rendered":"<p>Grie\u0137u valod\u0101 lietotais v\u0101rds, ko m\u0113s tulkojam k\u0101 \u201cm\u012blest\u012bba\u201d, noz\u012bm\u0113 nesavt\u012bgu m\u012blest\u012bbu. B\u016btiska ir p\u0113d\u0113j\u0101 fr\u0101ze \u2014 \u201ck\u0101 Es j\u016bs esmu m\u012bl\u0113jis\u201d. Vai esat \u013c\u0101vu\u0161i Dievam j\u016bs m\u012bl\u0113t? L\u016bdzu, nepaskrieniet gar\u0101m \u0161im jaut\u0101jumam!<\/p>\n","protected":false},"author":5,"featured_media":0,"comment_status":"open","ping_status":"open","sticky":false,"template":"","format":"standard","meta":{"jetpack_post_was_ever_published":false,"_jetpack_newsletter_access":"","_jetpack_dont_email_post_to_subs":false,"_jetpack_newsletter_tier_id":0,"footnotes":""},"categories":[11],"tags":[],"class_list":["post-3394","post","type-post","status-publish","format-standard","hentry","category-ticiba"],"jetpack_featured_media_url":"","jetpack_shortlink":"https:\/\/wp.me\/pcEKB-SK","jetpack_sharing_enabled":true,"_links":{"self":[{"href":"https:\/\/www.valmiera.adventisti.lv\/index.php?rest_route=\/wp\/v2\/posts\/3394","targetHints":{"allow":["GET"]}}],"collection":[{"href":"https:\/\/www.valmiera.adventisti.lv\/index.php?rest_route=\/wp\/v2\/posts"}],"about":[{"href":"https:\/\/www.valmiera.adventisti.lv\/index.php?rest_route=\/wp\/v2\/types\/post"}],"author":[{"embeddable":true,"href":"https:\/\/www.valmiera.adventisti.lv\/index.php?rest_route=\/wp\/v2\/users\/5"}],"replies":[{"embeddable":true,"href":"https:\/\/www.valmiera.adventisti.lv\/index.php?rest_route=%2Fwp%2Fv2%2Fcomments&post=3394"}],"version-history":[{"count":1,"href":"https:\/\/www.valmiera.adventisti.lv\/index.php?rest_route=\/wp\/v2\/posts\/3394\/revisions"}],"predecessor-version":[{"id":3395,"href":"https:\/\/www.valmiera.adventisti.lv\/index.php?rest_route=\/wp\/v2\/posts\/3394\/revisions\/3395"}],"wp:attachment":[{"href":"https:\/\/www.valmiera.adventisti.lv\/index.php?rest_route=%2Fwp%2Fv2%2Fmedia&parent=3394"}],"wp:term":[{"taxonomy":"category","embeddable":true,"href":"https:\/\/www.valmiera.adventisti.lv\/index.php?rest_route=%2Fwp%2Fv2%2Fcategories&post=3394"},{"taxonomy":"post_tag","embeddable":true,"href":"https:\/\/www.valmiera.adventisti.lv\/index.php?rest_route=%2Fwp%2Fv2%2Ftags&post=3394"}],"curies":[{"name":"wp","href":"https:\/\/api.w.org\/{rel}","templated":true}]}}