{"id":3396,"date":"2021-07-06T11:17:42","date_gmt":"2021-07-06T09:17:42","guid":{"rendered":"http:\/\/www.valmiera.adventisti.lv\/?p=3396"},"modified":"2021-07-06T11:17:42","modified_gmt":"2021-07-06T09:17:42","slug":"patiesiba-ir-persona","status":"publish","type":"post","link":"https:\/\/www.valmiera.adventisti.lv\/?p=3396","title":{"rendered":"Paties\u012bba ir persona"},"content":{"rendered":"<p>\u201cPiec\u0113lies vi\u0146\u0161 apsauca v\u0113ju un bangojo\u0161os \u016bde\u0146us. Un tie norima, un iest\u0101j\u0101s klusums. Vi\u0146\u0161 tiem sac\u012bja: \u201cKur ir j\u016bsu tic\u012bba?\u201d (L\u016bkas 8:24b-25a)<br \/>\nPaties\u012bba ir Persona, nevis j\u0113dziens. J\u0113zus teica, ka Vi\u0146\u0161 ir Paties\u012bba (J\u0146.ev.14:6). <!--more-->Tas noz\u012bm\u0113, ka j\u016bs nekad nevarat uzzin\u0101t paties\u012bbu par saviem apst\u0101k\u013ciem, ja vien vispirms neesat dzird\u0113ju\u0161i to no J\u0113zus. M\u0101cek\u013ci dom\u0101ja, ka vi\u0146i iet boj\u0101 v\u0113tras laik\u0101. Vi\u0146i bija zvejnieki, kas p\u0101rzin\u0101ja j\u016bru un zin\u0101ja, k\u0101ds ir vi\u0146u st\u0101voklis. Vi\u0146i bija \u013c\u0101vu\u0161i apst\u0101k\u013ciem vi\u0146us p\u0101rliecin\u0101t, ka &#8220;paties\u012bba&#8221; ir vi\u0146u nenov\u0113r\u0161am\u0101 n\u0101ve. Ta\u010du vi\u0146i k\u013c\u016bd\u012bj\u0101s. Paties\u012bba gul\u0113ja vi\u0146u laivas aizmugur\u0113!<br \/>\nKad J\u0113zus run\u0101ja, m\u0101cek\u013ci ieraudz\u012bja patieso paties\u012bbu par savu situ\u0101ciju. Iest\u0101j\u0101s piln\u012bgs miers. M\u0101cek\u013ci bija redz\u0113ju\u0161i, k\u0101 J\u0113zus dara citus br\u012bnumus, bet vi\u0146i v\u0113l nebija pieredz\u0113ju\u0161i Vi\u0146a sp\u0113ku p\u0101r dabu \u0161\u0101d\u0101 dimensij\u0101. Bie\u017ei vien m\u0113s esam l\u012bdz\u012bgi m\u0101cek\u013ciem. Iesp\u0113jams, Dievs nesen mums ir varen\u0101 veid\u0101 par\u0101d\u012bjis Savu sp\u0113ku; iesp\u0113jams, m\u0113s esam piedz\u012bvoju\u0161i daudzas gar\u012bgas uzvaras pag\u0101tn\u0113. Tom\u0113r, kad m\u016bs piemekl\u0113 jauna un bied\u0113jo\u0161a situ\u0101cija, ar\u012b m\u0113s panik\u0101 sak\u0101m: &#8220;Kungs, gl\u0101b mani! Es eju boj\u0101!&#8221; Dievs mums atg\u0101din\u0101s par Savu nodro\u0161in\u0101jumu, sakot: &#8220;Es varu tikt gal\u0101 ar\u012b ar \u0161o situ\u0101ciju, un t\u0101s d\u0113\u013c tu Mani vair\u0101k iepaz\u012bsi.&#8221;<\/p>\n","protected":false},"excerpt":{"rendered":"<p>\u201cPiec\u0113lies vi\u0146\u0161 apsauca v\u0113ju un bangojo\u0161os \u016bde\u0146us. Un tie norima, un iest\u0101j\u0101s klusums. Vi\u0146\u0161 tiem sac\u012bja: \u201cKur ir j\u016bsu tic\u012bba?\u201d (L\u016bkas 8:24b-25a) Paties\u012bba ir Persona, nevis j\u0113dziens. J\u0113zus teica, ka Vi\u0146\u0161 ir Paties\u012bba (J\u0146.ev.14:6).<\/p>\n","protected":false},"author":5,"featured_media":0,"comment_status":"open","ping_status":"open","sticky":false,"template":"","format":"standard","meta":{"jetpack_post_was_ever_published":false,"_jetpack_newsletter_access":"","_jetpack_dont_email_post_to_subs":false,"_jetpack_newsletter_tier_id":0,"footnotes":""},"categories":[11],"tags":[],"class_list":["post-3396","post","type-post","status-publish","format-standard","hentry","category-ticiba"],"jetpack_featured_media_url":"","jetpack_shortlink":"https:\/\/wp.me\/pcEKB-SM","jetpack_sharing_enabled":true,"_links":{"self":[{"href":"https:\/\/www.valmiera.adventisti.lv\/index.php?rest_route=\/wp\/v2\/posts\/3396","targetHints":{"allow":["GET"]}}],"collection":[{"href":"https:\/\/www.valmiera.adventisti.lv\/index.php?rest_route=\/wp\/v2\/posts"}],"about":[{"href":"https:\/\/www.valmiera.adventisti.lv\/index.php?rest_route=\/wp\/v2\/types\/post"}],"author":[{"embeddable":true,"href":"https:\/\/www.valmiera.adventisti.lv\/index.php?rest_route=\/wp\/v2\/users\/5"}],"replies":[{"embeddable":true,"href":"https:\/\/www.valmiera.adventisti.lv\/index.php?rest_route=%2Fwp%2Fv2%2Fcomments&post=3396"}],"version-history":[{"count":1,"href":"https:\/\/www.valmiera.adventisti.lv\/index.php?rest_route=\/wp\/v2\/posts\/3396\/revisions"}],"predecessor-version":[{"id":3397,"href":"https:\/\/www.valmiera.adventisti.lv\/index.php?rest_route=\/wp\/v2\/posts\/3396\/revisions\/3397"}],"wp:attachment":[{"href":"https:\/\/www.valmiera.adventisti.lv\/index.php?rest_route=%2Fwp%2Fv2%2Fmedia&parent=3396"}],"wp:term":[{"taxonomy":"category","embeddable":true,"href":"https:\/\/www.valmiera.adventisti.lv\/index.php?rest_route=%2Fwp%2Fv2%2Fcategories&post=3396"},{"taxonomy":"post_tag","embeddable":true,"href":"https:\/\/www.valmiera.adventisti.lv\/index.php?rest_route=%2Fwp%2Fv2%2Ftags&post=3396"}],"curies":[{"name":"wp","href":"https:\/\/api.w.org\/{rel}","templated":true}]}}