{"id":3398,"date":"2021-07-06T11:18:19","date_gmt":"2021-07-06T09:18:19","guid":{"rendered":"http:\/\/www.valmiera.adventisti.lv\/?p=3398"},"modified":"2021-07-06T11:18:19","modified_gmt":"2021-07-06T09:18:19","slug":"piedod","status":"publish","type":"post","link":"https:\/\/www.valmiera.adventisti.lv\/?p=3398","title":{"rendered":"Piedod!"},"content":{"rendered":"<p>Piedot \u2014 tas noz\u012bm\u0113 ar \u017e\u0113last\u012bbu dzied\u0113t nepeln\u012bti nodar\u012btas s\u0101pes. Tu neesi peln\u012bjis, ka tevi ievaino, bet neesi ar\u012b peln\u012bjis, ka tev piedod. Tad varb\u016bt ir v\u0113rts sniegt \u017e\u0113last\u012bbu citiem? Tu esi iegremd\u0113ts piedo\u0161an\u0101, iegremd\u0113ts \u017e\u0113last\u012bb\u0101. <!--more-->Vai, st\u0101vot t\u0101ds, k\u0101ds esi, plecu pie pleca ar citiem Dieva \u017e\u0113last\u012bbas oke\u0101n\u0101, tu vari nepiepild\u012bt kausu un nepied\u0101v\u0101t piedo\u0161anas laimi ar\u012b vi\u0146iem?<br \/>\n2015. gad\u0101 visa pasaule \u0161ausm\u0101s v\u0113roja, k\u0101 ISIS (\u201cIsl\u0101ma valsts\u201d) teroristi izv\u0113r\u0161 savu naidu Par\u012bzes iel\u0101s. Antu\u0101ns Ler\u012bss zaud\u0113ja sievu no vi\u0146u lod\u0113m. Tom\u0113r vi\u0146\u0161 nezaud\u0113ja savu sirdi naidam. Vi\u0146\u0161 ap\u0146\u0113m\u0101s koncentr\u0113t savu ener\u0123iju uz to, lai m\u012bl\u0113tu savu d\u0113lu, nevis ien\u012bstu uzbruc\u0113jus.<br \/>\nDar\u012bsim t\u0101pat! Pied\u0101v\u0101 citiem \u017e\u0113last\u012bbu, ko pats esi sa\u0146\u0113mis! Ir pien\u0101cis laiks piedot, t\u0101pat k\u0101 Dievs Krist\u016b ir piedevis tev. T\u0101 rodas laime. T\u0101 tu rad\u012bsi palieko\u0161u prieku vil\u0161an\u0101s un nepiepild\u012btu cer\u012bbu piln\u0101 pasaul\u0113.<\/p>\n","protected":false},"excerpt":{"rendered":"<p>Piedot \u2014 tas noz\u012bm\u0113 ar \u017e\u0113last\u012bbu dzied\u0113t nepeln\u012bti nodar\u012btas s\u0101pes. Tu neesi peln\u012bjis, ka tevi ievaino, bet neesi ar\u012b peln\u012bjis, ka tev piedod. Tad varb\u016bt ir v\u0113rts sniegt \u017e\u0113last\u012bbu citiem? Tu esi iegremd\u0113ts piedo\u0161an\u0101, iegremd\u0113ts \u017e\u0113last\u012bb\u0101.<\/p>\n","protected":false},"author":5,"featured_media":0,"comment_status":"open","ping_status":"open","sticky":false,"template":"","format":"standard","meta":{"jetpack_post_was_ever_published":false,"_jetpack_newsletter_access":"","_jetpack_dont_email_post_to_subs":false,"_jetpack_newsletter_tier_id":0,"footnotes":""},"categories":[11],"tags":[],"class_list":["post-3398","post","type-post","status-publish","format-standard","hentry","category-ticiba"],"jetpack_featured_media_url":"","jetpack_shortlink":"https:\/\/wp.me\/scEKB-piedod","jetpack_sharing_enabled":true,"_links":{"self":[{"href":"https:\/\/www.valmiera.adventisti.lv\/index.php?rest_route=\/wp\/v2\/posts\/3398","targetHints":{"allow":["GET"]}}],"collection":[{"href":"https:\/\/www.valmiera.adventisti.lv\/index.php?rest_route=\/wp\/v2\/posts"}],"about":[{"href":"https:\/\/www.valmiera.adventisti.lv\/index.php?rest_route=\/wp\/v2\/types\/post"}],"author":[{"embeddable":true,"href":"https:\/\/www.valmiera.adventisti.lv\/index.php?rest_route=\/wp\/v2\/users\/5"}],"replies":[{"embeddable":true,"href":"https:\/\/www.valmiera.adventisti.lv\/index.php?rest_route=%2Fwp%2Fv2%2Fcomments&post=3398"}],"version-history":[{"count":2,"href":"https:\/\/www.valmiera.adventisti.lv\/index.php?rest_route=\/wp\/v2\/posts\/3398\/revisions"}],"predecessor-version":[{"id":3400,"href":"https:\/\/www.valmiera.adventisti.lv\/index.php?rest_route=\/wp\/v2\/posts\/3398\/revisions\/3400"}],"wp:attachment":[{"href":"https:\/\/www.valmiera.adventisti.lv\/index.php?rest_route=%2Fwp%2Fv2%2Fmedia&parent=3398"}],"wp:term":[{"taxonomy":"category","embeddable":true,"href":"https:\/\/www.valmiera.adventisti.lv\/index.php?rest_route=%2Fwp%2Fv2%2Fcategories&post=3398"},{"taxonomy":"post_tag","embeddable":true,"href":"https:\/\/www.valmiera.adventisti.lv\/index.php?rest_route=%2Fwp%2Fv2%2Ftags&post=3398"}],"curies":[{"name":"wp","href":"https:\/\/api.w.org\/{rel}","templated":true}]}}