{"id":3403,"date":"2021-07-06T11:19:37","date_gmt":"2021-07-06T09:19:37","guid":{"rendered":"http:\/\/www.valmiera.adventisti.lv\/?p=3403"},"modified":"2021-07-06T11:19:37","modified_gmt":"2021-07-06T09:19:37","slug":"mazga-kajas","status":"publish","type":"post","link":"https:\/\/www.valmiera.adventisti.lv\/?p=3403","title":{"rendered":"Mazg\u0101 k\u0101jas!"},"content":{"rendered":"<p>J\u0113zus ir redz\u0113jis katru m\u016bsu dz\u012bves sl\u0113pto, divkos\u012bgo un nodev\u012bbas br\u012bdi. K\u0101 P\u0101vilam, t\u0101 mums Vi\u0146\u0161 saka: \u201cTev pietiek ar Manu \u017e\u0113last\u012bbu.\u201d Es varu \u0161\u0137\u012bst\u012bt \u0161os cilv\u0113kus. Es nomazg\u0101\u0161u vi\u0146u nodev\u012bbas. \u0160\u012b iemesla d\u0113\u013c mums atkal un atkal ir j\u0101uzkav\u0113jas m\u0101cek\u013cu iem\u012b\u013cotaj\u0101 Aug\u0161istabi\u0146\u0101, kur m\u0101cek\u013ci piedz\u012bvoja J\u0113zus \u017e\u0113lsird\u012bbu.<!--more-->J\u0113zus sac\u012bja: &#8220;Ja nu es, Kungs un Skolot\u0101js, esmu jums mazg\u0101jis k\u0101jas, tad pien\u0101kas, ka ar\u012b j\u016bs cits citam k\u0101jas mazg\u0101jat. Jo es jums esmu devis priek\u0161z\u012bmi, lai j\u016bs dar\u0101t, k\u0101 es esmu dar\u012bjis.\u201d (J\u0146.ev. 13:14-15).<br \/>\nTu esi lab\u0101 Dieva rad\u012bjums, tu esi rad\u012bts p\u0113c Vi\u0146a t\u0113la un l\u012bdz\u012bbas. Tev ir lemts vald\u012bt Vi\u0146a m\u016b\u017e\u012bgaj\u0101 valst\u012bb\u0101. Esi dro\u0161s par to, kas tu esi, un tu vari dar\u012bt to, ko dar\u012bja J\u0113zus. Atmet mal\u0101 savas ties\u012bbu un savu loloto cer\u012bbu dr\u0113bes! Sper drosm\u012bg\u0101ko no so\u013ciem: nomazg\u0101 k\u0101jas! T\u0101 rodas laime.<\/p>\n","protected":false},"excerpt":{"rendered":"<p>J\u0113zus ir redz\u0113jis katru m\u016bsu dz\u012bves sl\u0113pto, divkos\u012bgo un nodev\u012bbas br\u012bdi. K\u0101 P\u0101vilam, t\u0101 mums Vi\u0146\u0161 saka: \u201cTev pietiek ar Manu \u017e\u0113last\u012bbu.\u201d Es varu \u0161\u0137\u012bst\u012bt \u0161os cilv\u0113kus. Es nomazg\u0101\u0161u vi\u0146u nodev\u012bbas. \u0160\u012b iemesla d\u0113\u013c mums atkal un atkal ir j\u0101uzkav\u0113jas m\u0101cek\u013cu iem\u012b\u013cotaj\u0101 Aug\u0161istabi\u0146\u0101, kur m\u0101cek\u013ci piedz\u012bvoja J\u0113zus \u017e\u0113lsird\u012bbu.<\/p>\n","protected":false},"author":5,"featured_media":0,"comment_status":"open","ping_status":"open","sticky":false,"template":"","format":"standard","meta":{"jetpack_post_was_ever_published":false,"_jetpack_newsletter_access":"","_jetpack_dont_email_post_to_subs":false,"_jetpack_newsletter_tier_id":0,"footnotes":""},"categories":[11],"tags":[],"class_list":["post-3403","post","type-post","status-publish","format-standard","hentry","category-ticiba"],"jetpack_featured_media_url":"","jetpack_shortlink":"https:\/\/wp.me\/pcEKB-ST","jetpack_sharing_enabled":true,"_links":{"self":[{"href":"https:\/\/www.valmiera.adventisti.lv\/index.php?rest_route=\/wp\/v2\/posts\/3403","targetHints":{"allow":["GET"]}}],"collection":[{"href":"https:\/\/www.valmiera.adventisti.lv\/index.php?rest_route=\/wp\/v2\/posts"}],"about":[{"href":"https:\/\/www.valmiera.adventisti.lv\/index.php?rest_route=\/wp\/v2\/types\/post"}],"author":[{"embeddable":true,"href":"https:\/\/www.valmiera.adventisti.lv\/index.php?rest_route=\/wp\/v2\/users\/5"}],"replies":[{"embeddable":true,"href":"https:\/\/www.valmiera.adventisti.lv\/index.php?rest_route=%2Fwp%2Fv2%2Fcomments&post=3403"}],"version-history":[{"count":1,"href":"https:\/\/www.valmiera.adventisti.lv\/index.php?rest_route=\/wp\/v2\/posts\/3403\/revisions"}],"predecessor-version":[{"id":3404,"href":"https:\/\/www.valmiera.adventisti.lv\/index.php?rest_route=\/wp\/v2\/posts\/3403\/revisions\/3404"}],"wp:attachment":[{"href":"https:\/\/www.valmiera.adventisti.lv\/index.php?rest_route=%2Fwp%2Fv2%2Fmedia&parent=3403"}],"wp:term":[{"taxonomy":"category","embeddable":true,"href":"https:\/\/www.valmiera.adventisti.lv\/index.php?rest_route=%2Fwp%2Fv2%2Fcategories&post=3403"},{"taxonomy":"post_tag","embeddable":true,"href":"https:\/\/www.valmiera.adventisti.lv\/index.php?rest_route=%2Fwp%2Fv2%2Ftags&post=3403"}],"curies":[{"name":"wp","href":"https:\/\/api.w.org\/{rel}","templated":true}]}}