{"id":3407,"date":"2021-07-08T17:50:29","date_gmt":"2021-07-08T15:50:29","guid":{"rendered":"http:\/\/www.valmiera.adventisti.lv\/?p=3407"},"modified":"2021-07-08T17:50:29","modified_gmt":"2021-07-08T15:50:29","slug":"dzivais-udens","status":"publish","type":"post","link":"https:\/\/www.valmiera.adventisti.lv\/?p=3407","title":{"rendered":"Dz\u012bvais \u016bdens"},"content":{"rendered":"<p class=\"_d41d8cd98f00b204e9800998ecf8427e \">\u201cDivus \u013caunumus dar\u012bja mana tauta \u2013 t\u0101 pameta mani, dz\u012bv\u016bdens avotu, un izcirta sev akas, cauras akas, kur neturas \u016bdens!\u201d (Jeremijas 2:13)<!--more--><\/p>\n<p class=\"_d41d8cd98f00b204e9800998ecf8427e \">No art\u0113ziskaj\u0101m ak\u0101m pl\u016bst auksts, svaigs, nebeidzams \u016bdens no zemes dz\u012bl\u0113m, kas remd\u0113 jebk\u0101das sl\u0101pes un vienm\u0113r apmierina. T\u0101ds ir gar\u012bg\u0101s atspirdzin\u0101\u0161anas t\u0113ls, kas pieder cilv\u0113kam, kur\u0101 m\u0101jo Sv\u0113tais Gars.<\/p>\n<p class=\"_d41d8cd98f00b204e9800998ecf8427e \">Vai esat k\u0101dreiz dzird\u0113ju\u0161i cilv\u0113kus sak\u0101m, ka vi\u0146u krist\u012bgaj\u0101 dz\u012bv\u0113 ir iest\u0101jies sausums? Jums nav j\u0101skrien pa visu valsti, cen\u0161oties atrast gar\u012bg\u0101s atspirdzin\u0101\u0161anas avotus. Konferences, rekolekcijas un gr\u0101matas var sniegt iedro\u0161in\u0101jumu, bet, ja tu esi kristietis, dz\u012bv\u0101 \u016bdens avots jau atrodas tev\u012b.<\/p>\n<p class=\"_d41d8cd98f00b204e9800998ecf8427e \">Ja j\u016bs \u0161obr\u012bd izj\u016btat gar\u012bgu sausumu, vai tas nav t\u0101p\u0113c, ka esat m\u0113\u0123in\u0101ju\u0161i atrast savu gar\u012bg\u0101s atspirdzin\u0101\u0161anas avotu no cilv\u0113ku rad\u012btiem avotiem, kas katru reizi j\u016bs sagraus? J\u0113zus izteica jums uzaicin\u0101jumu, kad Vi\u0146\u0161 teica: &#8220;Ja k\u0101ds sl\u0101pst, lai n\u0101k pie Manis un dzer!&#8221; (J\u0146.ev.7:37). Vai j\u016bs esat atspirdzin\u0101jies no dz\u012bv\u0101 \u016bdens, ko var sniegt tikai J\u0113zus?<\/p>\n","protected":false},"excerpt":{"rendered":"<p>\u201cDivus \u013caunumus dar\u012bja mana tauta \u2013 t\u0101 pameta mani, dz\u012bv\u016bdens avotu, un izcirta sev akas, cauras akas, kur neturas \u016bdens!\u201d (Jeremijas 2:13)<\/p>\n","protected":false},"author":5,"featured_media":0,"comment_status":"open","ping_status":"open","sticky":false,"template":"","format":"standard","meta":{"jetpack_post_was_ever_published":false,"_jetpack_newsletter_access":"","_jetpack_dont_email_post_to_subs":false,"_jetpack_newsletter_tier_id":0,"footnotes":""},"categories":[11],"tags":[],"class_list":["post-3407","post","type-post","status-publish","format-standard","hentry","category-ticiba"],"jetpack_featured_media_url":"","jetpack_shortlink":"https:\/\/wp.me\/pcEKB-SX","jetpack_sharing_enabled":true,"_links":{"self":[{"href":"https:\/\/www.valmiera.adventisti.lv\/index.php?rest_route=\/wp\/v2\/posts\/3407","targetHints":{"allow":["GET"]}}],"collection":[{"href":"https:\/\/www.valmiera.adventisti.lv\/index.php?rest_route=\/wp\/v2\/posts"}],"about":[{"href":"https:\/\/www.valmiera.adventisti.lv\/index.php?rest_route=\/wp\/v2\/types\/post"}],"author":[{"embeddable":true,"href":"https:\/\/www.valmiera.adventisti.lv\/index.php?rest_route=\/wp\/v2\/users\/5"}],"replies":[{"embeddable":true,"href":"https:\/\/www.valmiera.adventisti.lv\/index.php?rest_route=%2Fwp%2Fv2%2Fcomments&post=3407"}],"version-history":[{"count":1,"href":"https:\/\/www.valmiera.adventisti.lv\/index.php?rest_route=\/wp\/v2\/posts\/3407\/revisions"}],"predecessor-version":[{"id":3408,"href":"https:\/\/www.valmiera.adventisti.lv\/index.php?rest_route=\/wp\/v2\/posts\/3407\/revisions\/3408"}],"wp:attachment":[{"href":"https:\/\/www.valmiera.adventisti.lv\/index.php?rest_route=%2Fwp%2Fv2%2Fmedia&parent=3407"}],"wp:term":[{"taxonomy":"category","embeddable":true,"href":"https:\/\/www.valmiera.adventisti.lv\/index.php?rest_route=%2Fwp%2Fv2%2Fcategories&post=3407"},{"taxonomy":"post_tag","embeddable":true,"href":"https:\/\/www.valmiera.adventisti.lv\/index.php?rest_route=%2Fwp%2Fv2%2Ftags&post=3407"}],"curies":[{"name":"wp","href":"https:\/\/api.w.org\/{rel}","templated":true}]}}