{"id":3422,"date":"2021-07-19T16:19:52","date_gmt":"2021-07-19T14:19:52","guid":{"rendered":"https:\/\/www.valmiera.adventisti.lv\/?p=3422"},"modified":"2021-07-19T16:21:05","modified_gmt":"2021-07-19T14:21:05","slug":"esiet-zelsirdigi","status":"publish","type":"post","link":"https:\/\/www.valmiera.adventisti.lv\/?p=3422","title":{"rendered":"Esiet \u017e\u0113lsird\u012bgi!"},"content":{"rendered":"<p class=\"_d41d8cd98f00b204e9800998ecf8427e \">&#8220;Vai tev t\u0101pat nevajadz\u0113ja ap\u017e\u0113loties par savu biedru, k\u0101 es par tevi ap\u017e\u0113lojos?\u201d (Mat. 18:33)<!--more--><\/p>\n<p class=\"_d41d8cd98f00b204e9800998ecf8427e \">\u017d\u0113last\u012bba ir d\u0101vana. T\u0101 ir nepeln\u012bta. Sods un sekas ir taisn\u012bga atl\u012bdz\u012bba par gr\u0113ku, bet \u017e\u0113lsird\u012bgs cilv\u0113ks nepieprasa taisn\u012bgumu vain\u012bgajam. Ja neb\u016btu Dieva \u017e\u0113lsird\u012bbas, m\u0113s visi jau sen b\u016btu sask\u0101ru\u0161ies ar Vi\u0146a briesm\u012bgo sodu. Ja neb\u016btu Vi\u0146a \u017e\u0113lsird\u012bbas, Vi\u0146\u0161 m\u016bs b\u016btu noties\u0101jis jau p\u0113c pirm\u0101 p\u0101rk\u0101puma. Ja neb\u016btu Vi\u0146a \u017e\u0113lsird\u012bbas, Vi\u0146\u0161 m\u016bs sod\u012btu katru reizi, kad m\u0113s gr\u0113kojam. Bet t\u0101 viet\u0101, lai \u013cautu mums uz\u0146emties pilnu sodu par m\u016bsu gr\u0113kiem, Dievs par\u0101d\u012bja Savu \u017e\u0113lsird\u012bbu, kad Vi\u0146\u0161 pats samaks\u0101ja sodu par m\u016bsu gr\u0113kiem.<\/p>\n<p class=\"_d41d8cd98f00b204e9800998ecf8427e \">Vai jums ir gr\u016bti izr\u0101d\u012bt \u017e\u0113lsird\u012bbu? J\u0113zus pav\u0113l\u0113ja Saviem m\u0101cek\u013ciem sniegt citiem t\u0101du pa\u0161u \u017e\u0113last\u012bbu, k\u0101du vi\u0146i ir sa\u0146\u0113mu\u0161i no Dieva. Kad vi\u0146i apdom\u0101ja neticamo, nepeln\u012bto \u017e\u0113last\u012bbu, kas vi\u0146iem bija dota, k\u0101 vi\u0146i var\u0113ja atteikties sniegt t\u0101du pa\u0161u beznosac\u012bjumu \u017e\u0113last\u012bbu citiem?<\/p>\n<p class=\"_d41d8cd98f00b204e9800998ecf8427e \">Ja jums ir gr\u016bti piedot citiem, jums, iesp\u0113jams, ir nepiecie\u0161ams p\u0101rdom\u0101t par Dieva \u017e\u0113last\u012bbu, kas ne\u013cauj jums piedz\u012bvot taisn\u012bgas Dieva dusmas. Sv\u0113tajos Rakstos Dievs ir aprakst\u012bts k\u0101 \u201cpiedo\u0161anas Dievs, \u017e\u0113l\u012bgs un \u017e\u0113lsird\u012bgs, l\u0113ns dusm\u0101s, un liels m\u012blest\u012bb\u0101&#8221; (Neh 9:17).<\/p>\n","protected":false},"excerpt":{"rendered":"<p>&#8220;Vai tev t\u0101pat nevajadz\u0113ja ap\u017e\u0113loties par savu biedru, k\u0101 es par tevi ap\u017e\u0113lojos?\u201d (Mat. 18:33)<\/p>\n","protected":false},"author":5,"featured_media":0,"comment_status":"open","ping_status":"open","sticky":false,"template":"","format":"standard","meta":{"jetpack_post_was_ever_published":false,"_jetpack_newsletter_access":"","_jetpack_dont_email_post_to_subs":false,"_jetpack_newsletter_tier_id":0,"footnotes":""},"categories":[11],"tags":[],"class_list":["post-3422","post","type-post","status-publish","format-standard","hentry","category-ticiba"],"jetpack_featured_media_url":"","jetpack_shortlink":"https:\/\/wp.me\/pcEKB-Tc","jetpack_sharing_enabled":true,"_links":{"self":[{"href":"https:\/\/www.valmiera.adventisti.lv\/index.php?rest_route=\/wp\/v2\/posts\/3422","targetHints":{"allow":["GET"]}}],"collection":[{"href":"https:\/\/www.valmiera.adventisti.lv\/index.php?rest_route=\/wp\/v2\/posts"}],"about":[{"href":"https:\/\/www.valmiera.adventisti.lv\/index.php?rest_route=\/wp\/v2\/types\/post"}],"author":[{"embeddable":true,"href":"https:\/\/www.valmiera.adventisti.lv\/index.php?rest_route=\/wp\/v2\/users\/5"}],"replies":[{"embeddable":true,"href":"https:\/\/www.valmiera.adventisti.lv\/index.php?rest_route=%2Fwp%2Fv2%2Fcomments&post=3422"}],"version-history":[{"count":1,"href":"https:\/\/www.valmiera.adventisti.lv\/index.php?rest_route=\/wp\/v2\/posts\/3422\/revisions"}],"predecessor-version":[{"id":3423,"href":"https:\/\/www.valmiera.adventisti.lv\/index.php?rest_route=\/wp\/v2\/posts\/3422\/revisions\/3423"}],"wp:attachment":[{"href":"https:\/\/www.valmiera.adventisti.lv\/index.php?rest_route=%2Fwp%2Fv2%2Fmedia&parent=3422"}],"wp:term":[{"taxonomy":"category","embeddable":true,"href":"https:\/\/www.valmiera.adventisti.lv\/index.php?rest_route=%2Fwp%2Fv2%2Fcategories&post=3422"},{"taxonomy":"post_tag","embeddable":true,"href":"https:\/\/www.valmiera.adventisti.lv\/index.php?rest_route=%2Fwp%2Fv2%2Ftags&post=3422"}],"curies":[{"name":"wp","href":"https:\/\/api.w.org\/{rel}","templated":true}]}}