{"id":3424,"date":"2021-07-19T16:21:49","date_gmt":"2021-07-19T14:21:49","guid":{"rendered":"https:\/\/www.valmiera.adventisti.lv\/?p=3424"},"modified":"2021-07-19T16:21:49","modified_gmt":"2021-07-19T14:21:49","slug":"valstibas-dizenums","status":"publish","type":"post","link":"https:\/\/www.valmiera.adventisti.lv\/?p=3424","title":{"rendered":"Valst\u012bbas di\u017eenums"},"content":{"rendered":"<p class=\"_d41d8cd98f00b204e9800998ecf8427e \">&#8220;Kas ir liel\u0101ks \u2013 vai tas, kas pie galda s\u0113\u017e, vai tas, kas kalpo? Vai gan ne tas, kas s\u0113\u017e pie galda? Bet es j\u016bsu vid\u016b esmu kalpam l\u012bdz\u012bgs..\u201d\u00a0\u00a0(L\u016bkas ev. 22:27<!--more--><\/p>\n<p class=\"_d41d8cd98f00b204e9800998ecf8427e \">Dieva valst\u012bb\u0101 lieluma m\u0113raukla iev\u0113rojami at\u0161\u0137iras no pasaules lieluma m\u0113rauklas. M\u016bsu sabiedr\u012bba dievina bag\u0101tos, varenos, skaistos un atl\u0113tiskos. Pasaule pat apgalvo, ka kalpot citiem ir pazemojo\u0161i. Tom\u0113r Dieva valst\u012bba piln\u012bb\u0101 noraida pasaules cie\u0146as m\u0113rauklu, pie\u0161\u0137irot visliel\u0101ko godu tam, kur\u0161 kalpo visvair\u0101k. Cilv\u0113ks, kur\u0161 kalpo nesavt\u012bgi, ar m\u012blest\u012bbu, nes\u016bdzoties un nemekl\u0113jot atzin\u012bbu, Dieva valst\u012bb\u0101 tiek augstu nov\u0113rt\u0113ts.<\/p>\n<p class=\"_d41d8cd98f00b204e9800998ecf8427e \">Kad J\u0113zus un Vi\u0146a m\u0101cek\u013ci ien\u0101ca aug\u0161istab\u0101, m\u0101cek\u013ci mekl\u0113ja iev\u0113rojam\u0101ko vietu, kur aps\u0113sties. Kam\u0113r vi\u0146i neveikli gaid\u012bja, lai vi\u0146us apkalpotu, J\u0113zus pa\u0146\u0113ma priek\u0161autu un trauku un nomazg\u0101ja vi\u0146iem k\u0101jas (J\u0146.ev.13:1-15).<\/p>\n<p class=\"_d41d8cd98f00b204e9800998ecf8427e \">Pasaule nov\u0113rt\u0113s j\u016bsu noz\u012bm\u012bgumu p\u0113c t\u0101, cik daudz cilv\u0113ku jums kalpo. Dievam vair\u0101k r\u016bp to cilv\u0113ku skaits, kuriem j\u016bs kalpojat. Ja jums ir gr\u016bti b\u016bt kalpot\u0101jam, l\u016bdziet J\u0113zu iem\u0101c\u012bt jums nesavt\u012bbu un dot jums sp\u0113ku sekot Vi\u0146a piem\u0113ram. Gaidiet J\u0113zus aicin\u0101jumu pievienoties Vi\u0146am, lai kalpotu citiem un tad tas n\u0101ks.<\/p>\n","protected":false},"excerpt":{"rendered":"<p>&#8220;Kas ir liel\u0101ks \u2013 vai tas, kas pie galda s\u0113\u017e, vai tas, kas kalpo? Vai gan ne tas, kas s\u0113\u017e pie galda? Bet es j\u016bsu vid\u016b esmu kalpam l\u012bdz\u012bgs..\u201d\u00a0\u00a0(L\u016bkas ev. 22:27<\/p>\n","protected":false},"author":5,"featured_media":0,"comment_status":"open","ping_status":"open","sticky":false,"template":"","format":"standard","meta":{"jetpack_post_was_ever_published":false,"_jetpack_newsletter_access":"","_jetpack_dont_email_post_to_subs":false,"_jetpack_newsletter_tier_id":0,"footnotes":""},"categories":[11],"tags":[],"class_list":["post-3424","post","type-post","status-publish","format-standard","hentry","category-ticiba"],"jetpack_featured_media_url":"","jetpack_shortlink":"https:\/\/wp.me\/pcEKB-Te","jetpack_sharing_enabled":true,"_links":{"self":[{"href":"https:\/\/www.valmiera.adventisti.lv\/index.php?rest_route=\/wp\/v2\/posts\/3424","targetHints":{"allow":["GET"]}}],"collection":[{"href":"https:\/\/www.valmiera.adventisti.lv\/index.php?rest_route=\/wp\/v2\/posts"}],"about":[{"href":"https:\/\/www.valmiera.adventisti.lv\/index.php?rest_route=\/wp\/v2\/types\/post"}],"author":[{"embeddable":true,"href":"https:\/\/www.valmiera.adventisti.lv\/index.php?rest_route=\/wp\/v2\/users\/5"}],"replies":[{"embeddable":true,"href":"https:\/\/www.valmiera.adventisti.lv\/index.php?rest_route=%2Fwp%2Fv2%2Fcomments&post=3424"}],"version-history":[{"count":1,"href":"https:\/\/www.valmiera.adventisti.lv\/index.php?rest_route=\/wp\/v2\/posts\/3424\/revisions"}],"predecessor-version":[{"id":3425,"href":"https:\/\/www.valmiera.adventisti.lv\/index.php?rest_route=\/wp\/v2\/posts\/3424\/revisions\/3425"}],"wp:attachment":[{"href":"https:\/\/www.valmiera.adventisti.lv\/index.php?rest_route=%2Fwp%2Fv2%2Fmedia&parent=3424"}],"wp:term":[{"taxonomy":"category","embeddable":true,"href":"https:\/\/www.valmiera.adventisti.lv\/index.php?rest_route=%2Fwp%2Fv2%2Fcategories&post=3424"},{"taxonomy":"post_tag","embeddable":true,"href":"https:\/\/www.valmiera.adventisti.lv\/index.php?rest_route=%2Fwp%2Fv2%2Ftags&post=3424"}],"curies":[{"name":"wp","href":"https:\/\/api.w.org\/{rel}","templated":true}]}}