{"id":3428,"date":"2021-07-19T16:22:57","date_gmt":"2021-07-19T14:22:57","guid":{"rendered":"https:\/\/www.valmiera.adventisti.lv\/?p=3428"},"modified":"2021-07-19T16:22:57","modified_gmt":"2021-07-19T14:22:57","slug":"garigie-markieri","status":"publish","type":"post","link":"https:\/\/www.valmiera.adventisti.lv\/?p=3428","title":{"rendered":"Gar\u012bgie mar\u0137ieri"},"content":{"rendered":"<p class=\"_d41d8cd98f00b204e9800998ecf8427e \"><span class=\"_d41d8cd98f00b204e9800998ecf8427e \">\u201c<\/span>Un Isra\u0113la b\u0113rni t\u0101 dar\u012bja, k\u0101 Jozua bija pav\u0113l\u0113jis, un vi\u0146i iznesa divpadsmit akme\u0146us no Jord\u0101nas gultnes, p\u0113c Isra\u0113la b\u0113rnu cil\u0161u skaita, k\u0101 Tas Kungs bija Jozuam sac\u012bjis, un vi\u0146i ar tiem p\u0101rn\u0101ca p\u0101ri upei sav\u0101 p\u0101rnak\u0161\u0146o\u0161anas viet\u0101 un tos tur novietoja.\u201d(Jozuas 4:8)<!--more--><\/p>\n<p class=\"_d41d8cd98f00b204e9800998ecf8427e \">Gar\u012bgajai atmi\u0146ai ir iz\u0161\u0137iro\u0161a noz\u012bme krist\u012bgaj\u0101 dz\u012bv\u0113. B\u016btu tra\u0123iski, ja steig\u0101, cen\u0161oties virz\u012bties uz priek\u0161u sav\u0101 krist\u012bgaj\u0101 tic\u012bb\u0101, j\u016bs atst\u0101tu gar\u012bg\u0101s z\u012bmes svar\u012bg\u0101kaj\u0101s savas dz\u012bves krustcel\u0113s. Bez \u0161o mar\u0137ieru pal\u012bdz\u012bbas j\u016bs zaud\u0113siet savu gar\u012bgo orient\u0113\u0161anos.<\/p>\n<p class=\"_d41d8cd98f00b204e9800998ecf8427e \">Dievs br\u012bnumain\u0101 k\u0101rt\u0101 \u0161\u0137\u012bra Jord\u0101nas upes \u016bde\u0146us, lai Izrelie\u0161i var\u0113tu p\u0101riet p\u0101ri un turpin\u0101t zemes p\u0101r\u0146em\u0161anu. Dievs zin\u0101ja, ka reiz\u0113m isra\u0113lie\u0161iem n\u0101ksies saskarties ar bied\u0113jo\u0161iem ienaidniekiem un vi\u0146iem b\u016bs nepiecie\u0161ams atg\u0101din\u0101jums, ka Vi\u0146\u0161 ir pietiekami sp\u0113c\u012bgs, lai vi\u0146us aizsarg\u0101tu. \u0160\u012b iemesla d\u0113\u013c Dievs vi\u0146iem lika uzcelt pieminekli Jord\u0101nas upes krast\u0101. Ikreiz, kad vi\u0146i atgriez\u012bsies \u0161aj\u0101 viet\u0101, vi\u0146i redz\u0113s pieminekli un atg\u0101din\u0101s par Dieva apbr\u012bnojamo sp\u0113ku.<\/p>\n<p class=\"_d41d8cd98f00b204e9800998ecf8427e \">Gar\u012bg\u0101 z\u012bme nor\u0101da uz l\u0113mumu pie\u0146em\u0161anas laiku, kad j\u016bs skaidri zin\u0101t, ka Dievs j\u016bs vad\u012bja. Vai ir biju\u0161i konkr\u0113ti br\u012b\u017ei, kad Vi\u0146\u0161 j\u016bs aicin\u0101ja uz Savu dz\u012bvesveidu? Vai j\u016bs varat nor\u0101d\u012bt uz reiz\u0113m, kad Vi\u0146\u0161 j\u016bs vad\u012bja, pie\u0146emot l\u0113mumu, vai sp\u0113c\u012bgi uzrun\u0101ja j\u016bs par ap\u0146em\u0161anos, kas jums b\u016btu j\u0101uz\u0146emas? Saglab\u0101jiet \u0161o svar\u012bgo br\u012b\u017eu uzskaiti! Tas pal\u012bdz\u0113s jums izprast Dieva darb\u012bbu j\u016bsu dz\u012bv\u0113 un dos jums virziena saj\u016btu, kad jums n\u0101ksies pie\u0146emt l\u0113mumus n\u0101kotn\u0113.<\/p>\n","protected":false},"excerpt":{"rendered":"<p>\u201cUn Isra\u0113la b\u0113rni t\u0101 dar\u012bja, k\u0101 Jozua bija pav\u0113l\u0113jis, un vi\u0146i iznesa divpadsmit akme\u0146us no Jord\u0101nas gultnes, p\u0113c Isra\u0113la b\u0113rnu cil\u0161u skaita, k\u0101 Tas Kungs bija Jozuam sac\u012bjis, un vi\u0146i ar tiem p\u0101rn\u0101ca p\u0101ri upei sav\u0101 p\u0101rnak\u0161\u0146o\u0161anas viet\u0101 un tos tur novietoja.\u201d(Jozuas 4:8)<\/p>\n","protected":false},"author":5,"featured_media":0,"comment_status":"open","ping_status":"open","sticky":false,"template":"","format":"standard","meta":{"jetpack_post_was_ever_published":false,"_jetpack_newsletter_access":"","_jetpack_dont_email_post_to_subs":false,"_jetpack_newsletter_tier_id":0,"footnotes":""},"categories":[11],"tags":[],"class_list":["post-3428","post","type-post","status-publish","format-standard","hentry","category-ticiba"],"jetpack_featured_media_url":"","jetpack_shortlink":"https:\/\/wp.me\/pcEKB-Ti","jetpack_sharing_enabled":true,"_links":{"self":[{"href":"https:\/\/www.valmiera.adventisti.lv\/index.php?rest_route=\/wp\/v2\/posts\/3428","targetHints":{"allow":["GET"]}}],"collection":[{"href":"https:\/\/www.valmiera.adventisti.lv\/index.php?rest_route=\/wp\/v2\/posts"}],"about":[{"href":"https:\/\/www.valmiera.adventisti.lv\/index.php?rest_route=\/wp\/v2\/types\/post"}],"author":[{"embeddable":true,"href":"https:\/\/www.valmiera.adventisti.lv\/index.php?rest_route=\/wp\/v2\/users\/5"}],"replies":[{"embeddable":true,"href":"https:\/\/www.valmiera.adventisti.lv\/index.php?rest_route=%2Fwp%2Fv2%2Fcomments&post=3428"}],"version-history":[{"count":1,"href":"https:\/\/www.valmiera.adventisti.lv\/index.php?rest_route=\/wp\/v2\/posts\/3428\/revisions"}],"predecessor-version":[{"id":3429,"href":"https:\/\/www.valmiera.adventisti.lv\/index.php?rest_route=\/wp\/v2\/posts\/3428\/revisions\/3429"}],"wp:attachment":[{"href":"https:\/\/www.valmiera.adventisti.lv\/index.php?rest_route=%2Fwp%2Fv2%2Fmedia&parent=3428"}],"wp:term":[{"taxonomy":"category","embeddable":true,"href":"https:\/\/www.valmiera.adventisti.lv\/index.php?rest_route=%2Fwp%2Fv2%2Fcategories&post=3428"},{"taxonomy":"post_tag","embeddable":true,"href":"https:\/\/www.valmiera.adventisti.lv\/index.php?rest_route=%2Fwp%2Fv2%2Ftags&post=3428"}],"curies":[{"name":"wp","href":"https:\/\/api.w.org\/{rel}","templated":true}]}}