{"id":3430,"date":"2021-07-20T10:31:43","date_gmt":"2021-07-20T08:31:43","guid":{"rendered":"https:\/\/www.valmiera.adventisti.lv\/?p=3430"},"modified":"2021-07-20T10:32:28","modified_gmt":"2021-07-20T08:32:28","slug":"evangelija-izplatisana","status":"publish","type":"post","link":"https:\/\/www.valmiera.adventisti.lv\/?p=3430","title":{"rendered":"Eva\u0146\u0123\u0113lija izplat\u012b\u0161ana"},"content":{"rendered":"<p class=\"_d41d8cd98f00b204e9800998ecf8427e \">\u201cEs gribu, br\u0101\u013ci, lai j\u016bs saprastu, ka viss, kas noticis ar mani, ir n\u0101cis par labu eva\u0146\u0123\u0113lija izplat\u012bbai.\u201d\u00a0 (Flp 1:12)<!--more--><\/p>\n<p class=\"_d41d8cd98f00b204e9800998ecf8427e \">Apustulis P\u0101vils vienm\u0113r dom\u0101ja par to, k\u0101 vi\u0146a apst\u0101k\u013ci var\u0113tu pal\u012bdz\u0113t eva\u0146\u0123\u0113lija izplat\u012b\u0161anai. Pat netaisn\u012bgi ieslodz\u012bts cietum\u0101, vi\u0146\u0161 nekav\u0113joties mekl\u0113ja, k\u0101 sniegt Dieva gl\u0101b\u0161anu citiem (Flp 1:13; Apd 16:19-34). Ar\u012b nikna p\u016b\u013ca ielenkts, vi\u0146\u0161 izmantoja iesp\u0113ju sludin\u0101t eva\u0146\u0123\u0113liju (Apd 22:1-21). Kad P\u0101vila krimin\u0101lprocess aizveda vi\u0146u pie \u0137\u0113ni\u0146a, vi\u0146\u0161 dom\u0101ja, k\u0101 \u0137\u0113ni\u0146am l\u012bdzdal\u012bt savu tic\u012bbu (Apd 26:1-32)! Pat p\u0113c ku\u0123a av\u0101rijas non\u0101cis uz nezin\u0101mas salas, vi\u0146\u0161 izmantoja \u0161o iesp\u0113ju, lai dal\u012btos eva\u0146\u0123\u0113lij\u0101. Neatkar\u012bgi no apst\u0101k\u013ciem P\u0101vils r\u016bp\u0113j\u0101s, k\u0101 izmantot situ\u0101ciju, lai citiem past\u0101st\u012btu Dieva labo v\u0113sti par gl\u0101b\u0161anu.<\/p>\n<p class=\"_d41d8cd98f00b204e9800998ecf8427e \">Saskaroties ar kr\u012bzi, m\u0113s varam s\u0101kt dusmoties vai baid\u012bties par savu labkl\u0101j\u012bbu. Bet varam ar\u012b tiekties izprast, ko Dievs v\u0113las dar\u012bt caur m\u016bsu apst\u0101k\u013ciem. L\u016bgsim Dievu, lai sp\u0113jam izmantot pa\u0161reiz\u0113jos apst\u0101k\u013cus t\u0101, ka tie nes sv\u0113t\u012bbu citiem! Iesp\u0113jams, k\u0101dam no cilv\u0113kiem jums l\u012bdz\u0101s\u00a0 ir nepiecie\u0161ams ieraudz\u012bt at\u0161\u0137ir\u012bbu, ko j\u016bsu dz\u012bv\u0113 ienes Kristus kl\u0101tb\u016btne.<\/p>\n","protected":false},"excerpt":{"rendered":"<p>\u201cEs gribu, br\u0101\u013ci, lai j\u016bs saprastu, ka viss, kas noticis ar mani, ir n\u0101cis par labu eva\u0146\u0123\u0113lija izplat\u012bbai.\u201d\u00a0 (Flp 1:12)<\/p>\n","protected":false},"author":5,"featured_media":0,"comment_status":"open","ping_status":"open","sticky":false,"template":"","format":"standard","meta":{"jetpack_post_was_ever_published":false,"_jetpack_newsletter_access":"","_jetpack_dont_email_post_to_subs":false,"_jetpack_newsletter_tier_id":0,"footnotes":""},"categories":[11],"tags":[],"class_list":["post-3430","post","type-post","status-publish","format-standard","hentry","category-ticiba"],"jetpack_featured_media_url":"","jetpack_shortlink":"https:\/\/wp.me\/pcEKB-Tk","jetpack_sharing_enabled":true,"_links":{"self":[{"href":"https:\/\/www.valmiera.adventisti.lv\/index.php?rest_route=\/wp\/v2\/posts\/3430","targetHints":{"allow":["GET"]}}],"collection":[{"href":"https:\/\/www.valmiera.adventisti.lv\/index.php?rest_route=\/wp\/v2\/posts"}],"about":[{"href":"https:\/\/www.valmiera.adventisti.lv\/index.php?rest_route=\/wp\/v2\/types\/post"}],"author":[{"embeddable":true,"href":"https:\/\/www.valmiera.adventisti.lv\/index.php?rest_route=\/wp\/v2\/users\/5"}],"replies":[{"embeddable":true,"href":"https:\/\/www.valmiera.adventisti.lv\/index.php?rest_route=%2Fwp%2Fv2%2Fcomments&post=3430"}],"version-history":[{"count":1,"href":"https:\/\/www.valmiera.adventisti.lv\/index.php?rest_route=\/wp\/v2\/posts\/3430\/revisions"}],"predecessor-version":[{"id":3431,"href":"https:\/\/www.valmiera.adventisti.lv\/index.php?rest_route=\/wp\/v2\/posts\/3430\/revisions\/3431"}],"wp:attachment":[{"href":"https:\/\/www.valmiera.adventisti.lv\/index.php?rest_route=%2Fwp%2Fv2%2Fmedia&parent=3430"}],"wp:term":[{"taxonomy":"category","embeddable":true,"href":"https:\/\/www.valmiera.adventisti.lv\/index.php?rest_route=%2Fwp%2Fv2%2Fcategories&post=3430"},{"taxonomy":"post_tag","embeddable":true,"href":"https:\/\/www.valmiera.adventisti.lv\/index.php?rest_route=%2Fwp%2Fv2%2Ftags&post=3430"}],"curies":[{"name":"wp","href":"https:\/\/api.w.org\/{rel}","templated":true}]}}