{"id":3436,"date":"2021-07-25T21:04:14","date_gmt":"2021-07-25T19:04:14","guid":{"rendered":"http:\/\/www.valmiera.adventisti.lv\/?p=3436"},"modified":"2021-07-25T21:04:14","modified_gmt":"2021-07-25T19:04:14","slug":"bez-vainas","status":"publish","type":"post","link":"https:\/\/www.valmiera.adventisti.lv\/?p=3436","title":{"rendered":"Bez vainas"},"content":{"rendered":"<p class=\"_d41d8cd98f00b204e9800998ecf8427e \">\u201c\u016aca zem\u0113 bija k\u0101ds v\u012brs, v\u0101rd\u0101 \u012ajabs. \u0160is v\u012brs bija krietns un taisns, bij\u0101s Dieva un vair\u012bj\u0101s \u013cauna.\u201d (\u012ajaba 1:1)<!--more--><\/p>\n<p class=\"_d41d8cd98f00b204e9800998ecf8427e \">Dz\u012bvot bez vainas \u2014 t\u0101 ir milz\u012bga br\u012bv\u012bbas saj\u016bta. \u012ajabs bija bez vainas. Ne s\u0101tans, ne ar\u012b k\u0101ds cilv\u0113ks nevar\u0113ja vi\u0146u aps\u016bdz\u0113t nepareiz\u0101 r\u012bc\u012bb\u0101. Pat p\u0101rbaudot p\u0113c visstingr\u0101kajiem krit\u0113rijiem, \u012ajabam nebija ko p\u0101rmest. Atkl\u0101smes gr\u0101mat\u0101 nor\u0101d\u012bts, ka tie, kas non\u0101ks Debes\u012bs, b\u016bs bez vainas (Atkl. 14:5). Tas nenoz\u012bm\u0113, ka vi\u0146i \u0161\u012bs zemes dz\u012bv\u0113 neb\u016bs gr\u0113koju\u0161i, bet gan \u2014 ka Dievs ir piedevis vi\u0146u gr\u0113kus un pie\u0161\u0137\u012bris vi\u0146iem Savu taisn\u012bbu. B\u016bt bez vainas \u2014 tas nenoz\u012bm\u0113 nekad negr\u0113kot. Tas noz\u012bm\u0113 izdar\u012bt pareizo izv\u0113li ar\u012b tad, ja esat gr\u0113koju\u0161i. Ja esat gr\u0113koju\u0161i pret k\u0101du, j\u016bs atz\u012bstat savu gr\u0113ku un l\u016bdzat piedo\u0161anu. Ja esat gr\u0113koju\u0161i pret Dievu, j\u016bs no\u017e\u0113lojat gr\u0113kus un s\u0101kat Vi\u0146am paklaus\u012bt (Sal. pam. 28:13). Ja j\u016bs m\u0113\u0123in\u0101t sl\u0113pt savu gr\u0113ku, noliegt to, attaisnot vai vainot par to citus, j\u016bs padar\u0101t s\u0101kotn\u0113jo p\u0101rk\u0101pumu daudz smag\u0101ku. Ja v\u0113laties b\u016bt bez vainas, jums j\u0101dara viss, kas ir j\u016bsu sp\u0113kos, lai labotu p\u0101rk\u0101pumu un samierin\u0101tu izjaukt\u0101s attiec\u012bbas. Tas, kura dz\u012bves ce\u013c\u0161 ir bez vainas, j\u016bt dzi\u013cu mieru!<\/p>\n","protected":false},"excerpt":{"rendered":"<p>\u201c\u016aca zem\u0113 bija k\u0101ds v\u012brs, v\u0101rd\u0101 \u012ajabs. \u0160is v\u012brs bija krietns un taisns, bij\u0101s Dieva un vair\u012bj\u0101s \u013cauna.\u201d (\u012ajaba 1:1)<\/p>\n","protected":false},"author":5,"featured_media":0,"comment_status":"open","ping_status":"open","sticky":false,"template":"","format":"standard","meta":{"jetpack_post_was_ever_published":false,"_jetpack_newsletter_access":"","_jetpack_dont_email_post_to_subs":false,"_jetpack_newsletter_tier_id":0,"footnotes":""},"categories":[11],"tags":[],"class_list":["post-3436","post","type-post","status-publish","format-standard","hentry","category-ticiba"],"jetpack_featured_media_url":"","jetpack_shortlink":"https:\/\/wp.me\/pcEKB-Tq","jetpack_sharing_enabled":true,"_links":{"self":[{"href":"https:\/\/www.valmiera.adventisti.lv\/index.php?rest_route=\/wp\/v2\/posts\/3436","targetHints":{"allow":["GET"]}}],"collection":[{"href":"https:\/\/www.valmiera.adventisti.lv\/index.php?rest_route=\/wp\/v2\/posts"}],"about":[{"href":"https:\/\/www.valmiera.adventisti.lv\/index.php?rest_route=\/wp\/v2\/types\/post"}],"author":[{"embeddable":true,"href":"https:\/\/www.valmiera.adventisti.lv\/index.php?rest_route=\/wp\/v2\/users\/5"}],"replies":[{"embeddable":true,"href":"https:\/\/www.valmiera.adventisti.lv\/index.php?rest_route=%2Fwp%2Fv2%2Fcomments&post=3436"}],"version-history":[{"count":1,"href":"https:\/\/www.valmiera.adventisti.lv\/index.php?rest_route=\/wp\/v2\/posts\/3436\/revisions"}],"predecessor-version":[{"id":3437,"href":"https:\/\/www.valmiera.adventisti.lv\/index.php?rest_route=\/wp\/v2\/posts\/3436\/revisions\/3437"}],"wp:attachment":[{"href":"https:\/\/www.valmiera.adventisti.lv\/index.php?rest_route=%2Fwp%2Fv2%2Fmedia&parent=3436"}],"wp:term":[{"taxonomy":"category","embeddable":true,"href":"https:\/\/www.valmiera.adventisti.lv\/index.php?rest_route=%2Fwp%2Fv2%2Fcategories&post=3436"},{"taxonomy":"post_tag","embeddable":true,"href":"https:\/\/www.valmiera.adventisti.lv\/index.php?rest_route=%2Fwp%2Fv2%2Ftags&post=3436"}],"curies":[{"name":"wp","href":"https:\/\/api.w.org\/{rel}","templated":true}]}}