{"id":3476,"date":"2021-09-03T09:57:58","date_gmt":"2021-09-03T07:57:58","guid":{"rendered":"https:\/\/www.valmiera.adventisti.lv\/?p=3476"},"modified":"2021-09-03T09:57:58","modified_gmt":"2021-09-03T07:57:58","slug":"paligs","status":"publish","type":"post","link":"https:\/\/www.valmiera.adventisti.lv\/?p=3476","title":{"rendered":"Pal\u012bgs"},"content":{"rendered":"<p>Cilv\u0113ks pie Betezdas d\u012b\u0137a neteica, ka ir \u201ciestr\u0113dzis\u201d pag\u0101tn\u0113, tom\u0113r tie\u0161i t\u0101 vi\u0146\u0161 var\u0113tu sac\u012bt. Tr\u012bsdesmit asto\u0146us gadus vi\u0146\u0161 pavad\u012bja d\u012b\u0137a mal\u0101! Tikai vi\u0146\u0161, vi\u0146a pakl\u0101js un vi\u0146a paraliz\u0113tais \u0137ermenis. Vi\u0146iem bija j\u0101izskat\u0101s no\u017e\u0113lojami. <!--more-->Cilv\u0113ki p\u016b\u013ciem \u2014 akli, klibi, nom\u0101kti, apb\u0113din\u0101ti, izmisu\u0161i \u2014 viens p\u0113c otra gaid\u012bja savu iesp\u0113ju tikt ienestiem basein\u0101, kur burbu\u013coja dziedino\u0161ie \u016bde\u0146i. Eva\u0146\u0123\u0113lija st\u0101sti par pal\u012bdz\u012bbu un dziedin\u0101\u0161anu aicina m\u016bs atz\u012bt: \u201cKur vien J\u0113zus g\u0101ja, vi\u0146\u0161 dziedin\u0101ja cilv\u0113kus no vis\u0101m slim\u012bb\u0101m. Cik \u013coti Vi\u0146\u0161 ie\u017e\u0113loj\u0101s par \u0161iem \u013caud\u012bm, kuru probl\u0113mas bija tik lielas, ka vi\u0146i pat nezin\u0101ja, ko dar\u012bt un kur mekl\u0113t pal\u012bdz\u012bbu!\u201d (Mt 9:35\u201336 TLB). J\u0113zus ie\u017e\u0113loj\u0101s tolaik, un Vi\u0146\u0161 to dara ar\u012b \u0161odien.<\/p>\n","protected":false},"excerpt":{"rendered":"<p>Cilv\u0113ks pie Betezdas d\u012b\u0137a neteica, ka ir \u201ciestr\u0113dzis\u201d pag\u0101tn\u0113, tom\u0113r tie\u0161i t\u0101 vi\u0146\u0161 var\u0113tu sac\u012bt. Tr\u012bsdesmit asto\u0146us gadus vi\u0146\u0161 pavad\u012bja d\u012b\u0137a mal\u0101! Tikai vi\u0146\u0161, vi\u0146a pakl\u0101js un vi\u0146a paraliz\u0113tais \u0137ermenis. Vi\u0146iem bija j\u0101izskat\u0101s no\u017e\u0113lojami.<\/p>\n","protected":false},"author":5,"featured_media":0,"comment_status":"open","ping_status":"open","sticky":false,"template":"","format":"standard","meta":{"jetpack_post_was_ever_published":false,"_jetpack_newsletter_access":"","_jetpack_dont_email_post_to_subs":false,"_jetpack_newsletter_tier_id":0,"footnotes":""},"categories":[11],"tags":[],"class_list":["post-3476","post","type-post","status-publish","format-standard","hentry","category-ticiba"],"jetpack_featured_media_url":"","jetpack_shortlink":"https:\/\/wp.me\/scEKB-paligs","jetpack_sharing_enabled":true,"_links":{"self":[{"href":"https:\/\/www.valmiera.adventisti.lv\/index.php?rest_route=\/wp\/v2\/posts\/3476","targetHints":{"allow":["GET"]}}],"collection":[{"href":"https:\/\/www.valmiera.adventisti.lv\/index.php?rest_route=\/wp\/v2\/posts"}],"about":[{"href":"https:\/\/www.valmiera.adventisti.lv\/index.php?rest_route=\/wp\/v2\/types\/post"}],"author":[{"embeddable":true,"href":"https:\/\/www.valmiera.adventisti.lv\/index.php?rest_route=\/wp\/v2\/users\/5"}],"replies":[{"embeddable":true,"href":"https:\/\/www.valmiera.adventisti.lv\/index.php?rest_route=%2Fwp%2Fv2%2Fcomments&post=3476"}],"version-history":[{"count":1,"href":"https:\/\/www.valmiera.adventisti.lv\/index.php?rest_route=\/wp\/v2\/posts\/3476\/revisions"}],"predecessor-version":[{"id":3477,"href":"https:\/\/www.valmiera.adventisti.lv\/index.php?rest_route=\/wp\/v2\/posts\/3476\/revisions\/3477"}],"wp:attachment":[{"href":"https:\/\/www.valmiera.adventisti.lv\/index.php?rest_route=%2Fwp%2Fv2%2Fmedia&parent=3476"}],"wp:term":[{"taxonomy":"category","embeddable":true,"href":"https:\/\/www.valmiera.adventisti.lv\/index.php?rest_route=%2Fwp%2Fv2%2Fcategories&post=3476"},{"taxonomy":"post_tag","embeddable":true,"href":"https:\/\/www.valmiera.adventisti.lv\/index.php?rest_route=%2Fwp%2Fv2%2Ftags&post=3476"}],"curies":[{"name":"wp","href":"https:\/\/api.w.org\/{rel}","templated":true}]}}