{"id":3487,"date":"2021-09-10T11:08:48","date_gmt":"2021-09-10T09:08:48","guid":{"rendered":"https:\/\/www.valmiera.adventisti.lv\/?p=3487"},"modified":"2021-09-10T11:08:48","modified_gmt":"2021-09-10T09:08:48","slug":"uzticies-2","status":"publish","type":"post","link":"https:\/\/www.valmiera.adventisti.lv\/?p=3487","title":{"rendered":"Uzticies!"},"content":{"rendered":"<p>J\u0113zus sagatavos atbildi tie\u0161i j\u016bsu vajadz\u012bb\u0101m. Vi\u0146\u0161 nav \u0101tr\u0101s \u0113din\u0101\u0161anas pav\u0101rs. Vi\u0146\u0161 ir izcils pav\u0101rs, kas sagatavo unik\u0101las sv\u0113t\u012bbas unik\u0101l\u0101m situ\u0101cij\u0101m. Kad \u013cau\u017eu p\u016b\u013ci n\u0101ca pie Kristus p\u0113c dziedin\u0101\u0161anas, \u201cVi\u0146\u0161 uzlika tiem rokas vienam p\u0113c otra un dziedin\u0101ja tos\u201d (L\u016bkas ev. 4:40).<!--more-->Ja J\u0113zus t\u0101 v\u0113l\u0113tos, Vi\u0146\u0161 b\u016btu var\u0113jis pasludin\u0101t, lai p\u0101r p\u016bli kr\u012bt bezpersonisks dziedino\u0161u sv\u0113t\u012bbu m\u0101konis. Bet Vi\u0146\u0161 nav bezpersonisks Gl\u0101b\u0113js. Vi\u0146\u0161 uzlika rokas katram cilv\u0113kam atsevi\u0161\u0137i, person\u012bgi. Redzot unik\u0101las vajadz\u012bbas, Vi\u0146\u0161 sniedza unik\u0101las sv\u0113t\u012bbas.<br \/>\nKonkr\u0113ta l\u016bg\u0161ana dod Kristum iesp\u0113ju klied\u0113t visas \u0161aubas par Vi\u0146a m\u012blest\u012bbu un ieinteres\u0113t\u012bbu. J\u016bsu probl\u0113ma k\u013c\u016bst par Vi\u0146a ce\u013cu. Izaicin\u0101jums, ar kuru j\u016bs saskaraties, k\u013c\u016bst par audeklu, uz kura Kristus uzglezno savu vislab\u0101ko darbu. T\u0101p\u0113c vienk\u0101r\u0161\u0101 l\u016bg\u0161an\u0101 uzticiet probl\u0113mu Kristum!<\/p>\n","protected":false},"excerpt":{"rendered":"<p>J\u0113zus sagatavos atbildi tie\u0161i j\u016bsu vajadz\u012bb\u0101m. Vi\u0146\u0161 nav \u0101tr\u0101s \u0113din\u0101\u0161anas pav\u0101rs. Vi\u0146\u0161 ir izcils pav\u0101rs, kas sagatavo unik\u0101las sv\u0113t\u012bbas unik\u0101l\u0101m situ\u0101cij\u0101m. Kad \u013cau\u017eu p\u016b\u013ci n\u0101ca pie Kristus p\u0113c dziedin\u0101\u0161anas, \u201cVi\u0146\u0161 uzlika tiem rokas vienam p\u0113c otra un dziedin\u0101ja tos\u201d (L\u016bkas ev. 4:40).<\/p>\n","protected":false},"author":5,"featured_media":0,"comment_status":"open","ping_status":"open","sticky":false,"template":"","format":"standard","meta":{"jetpack_post_was_ever_published":false,"_jetpack_newsletter_access":"","_jetpack_dont_email_post_to_subs":false,"_jetpack_newsletter_tier_id":0,"footnotes":""},"categories":[11],"tags":[],"class_list":["post-3487","post","type-post","status-publish","format-standard","hentry","category-ticiba"],"jetpack_featured_media_url":"","jetpack_shortlink":"https:\/\/wp.me\/pcEKB-Uf","jetpack_sharing_enabled":true,"_links":{"self":[{"href":"https:\/\/www.valmiera.adventisti.lv\/index.php?rest_route=\/wp\/v2\/posts\/3487","targetHints":{"allow":["GET"]}}],"collection":[{"href":"https:\/\/www.valmiera.adventisti.lv\/index.php?rest_route=\/wp\/v2\/posts"}],"about":[{"href":"https:\/\/www.valmiera.adventisti.lv\/index.php?rest_route=\/wp\/v2\/types\/post"}],"author":[{"embeddable":true,"href":"https:\/\/www.valmiera.adventisti.lv\/index.php?rest_route=\/wp\/v2\/users\/5"}],"replies":[{"embeddable":true,"href":"https:\/\/www.valmiera.adventisti.lv\/index.php?rest_route=%2Fwp%2Fv2%2Fcomments&post=3487"}],"version-history":[{"count":1,"href":"https:\/\/www.valmiera.adventisti.lv\/index.php?rest_route=\/wp\/v2\/posts\/3487\/revisions"}],"predecessor-version":[{"id":3488,"href":"https:\/\/www.valmiera.adventisti.lv\/index.php?rest_route=\/wp\/v2\/posts\/3487\/revisions\/3488"}],"wp:attachment":[{"href":"https:\/\/www.valmiera.adventisti.lv\/index.php?rest_route=%2Fwp%2Fv2%2Fmedia&parent=3487"}],"wp:term":[{"taxonomy":"category","embeddable":true,"href":"https:\/\/www.valmiera.adventisti.lv\/index.php?rest_route=%2Fwp%2Fv2%2Fcategories&post=3487"},{"taxonomy":"post_tag","embeddable":true,"href":"https:\/\/www.valmiera.adventisti.lv\/index.php?rest_route=%2Fwp%2Fv2%2Ftags&post=3487"}],"curies":[{"name":"wp","href":"https:\/\/api.w.org\/{rel}","templated":true}]}}