{"id":3527,"date":"2021-11-12T11:08:52","date_gmt":"2021-11-12T09:08:52","guid":{"rendered":"https:\/\/www.valmiera.adventisti.lv\/?p=3527"},"modified":"2021-11-12T11:08:52","modified_gmt":"2021-11-12T09:08:52","slug":"dievisks-pamudinajums","status":"publish","type":"post","link":"https:\/\/www.valmiera.adventisti.lv\/?p=3527","title":{"rendered":"Dievi\u0161\u0137s pamudin\u0101jums"},"content":{"rendered":"<p>\u201cRedz\u0113dams \u013cau\u017eu p\u016bli, J\u0113zus uzk\u0101pa kaln\u0101 un aps\u0113d\u0101s, un Vi\u0146a m\u0101cek\u013ci sapulc\u0113j\u0101s ap Vi\u0146u. Un Vi\u0146\u0161 s\u0101ka tos m\u0101c\u012bt..\u201d (Mateja 5:1-2)<br \/>\nKristus uz cilv\u0113kiem skat\u0101s pavisam cit\u0101di nek\u0101 m\u0113s. Kad ap Vi\u0146u s\u0101ka pulc\u0113ties \u013cau\u017eu p\u016b\u013ci, Vi\u0146\u0161 vispirms pieaicin\u0101ja m\u0101cek\u013cus un m\u0101c\u012bja tiem par Dieva m\u012blest\u012bbu.<!--more--><\/p>\n<p>J\u0113zus m\u0101cek\u013ciem atkl\u0101ja to, ko pats izjuta, uzl\u016bkojot \u013cau\u017eu p\u016b\u013cus. M\u0101cek\u013ci ne vienm\u0113r saprata visu, ko Vi\u0146\u0161 tiem st\u0101st\u012bja. T\u0101p\u0113c J\u0113zus tos iedro\u0161in\u0101ja, ka v\u0113l\u0101k Sv\u0113tais Gars atkl\u0101s Vi\u0146a v\u0101rdu noz\u012bmi (J\u0101\u0146a 14:25-26).<br \/>\nIesp\u0113jams, ka ar\u012b j\u016bs Vi\u0146\u0161 k\u0101d\u0101 klus\u0101 br\u012bd\u012b uzrun\u0101s, st\u0101stot par Savu l\u012bdzj\u016bt\u012bbu pret cilv\u0113kiem, ar kuriem esat kop\u0101. Iesp\u0113jams, Vi\u0146\u0161 jums atkl\u0101s Savu gribu, aicinot l\u016bgt par vi\u0146iem. Radot j\u016bsos aizkustin\u0101jumu par apk\u0101rt\u0113jo \u013cau\u017eu gar\u012bgo st\u0101vokli, Dievs var padzi\u013cin\u0101t j\u016bsu m\u012blest\u012bbu, lai j\u016bs b\u016btu gatavi kalpot vi\u0146iem t\u0101, k\u0101 Vi\u0146\u0161 v\u0113las.<br \/>\nJ\u016bs tad, iesp\u0113jams, atkl\u0101siet, ka Dieva sird\u012b ir k\u0101ds dzi\u013c\u0101ks nodoms vi\u0146u dz\u012bvei, un saprat\u012bsiet, ka Vi\u0146\u0161 gaida, lai k\u0101ds no Vi\u0146a m\u0101cek\u013ciem atsauktos Vi\u0146a pamudin\u0101jumam.<\/p>\n","protected":false},"excerpt":{"rendered":"<p>\u201cRedz\u0113dams \u013cau\u017eu p\u016bli, J\u0113zus uzk\u0101pa kaln\u0101 un aps\u0113d\u0101s, un Vi\u0146a m\u0101cek\u013ci sapulc\u0113j\u0101s ap Vi\u0146u. Un Vi\u0146\u0161 s\u0101ka tos m\u0101c\u012bt..\u201d (Mateja 5:1-2) Kristus uz cilv\u0113kiem skat\u0101s pavisam cit\u0101di nek\u0101 m\u0113s. Kad ap Vi\u0146u s\u0101ka pulc\u0113ties \u013cau\u017eu p\u016b\u013ci, Vi\u0146\u0161 vispirms pieaicin\u0101ja m\u0101cek\u013cus un m\u0101c\u012bja tiem par Dieva m\u012blest\u012bbu.<\/p>\n","protected":false},"author":5,"featured_media":0,"comment_status":"open","ping_status":"open","sticky":false,"template":"","format":"standard","meta":{"jetpack_post_was_ever_published":false,"_jetpack_newsletter_access":"","_jetpack_dont_email_post_to_subs":false,"_jetpack_newsletter_tier_id":0,"footnotes":""},"categories":[11],"tags":[],"class_list":["post-3527","post","type-post","status-publish","format-standard","hentry","category-ticiba"],"jetpack_featured_media_url":"","jetpack_shortlink":"https:\/\/wp.me\/pcEKB-UT","jetpack_sharing_enabled":true,"_links":{"self":[{"href":"https:\/\/www.valmiera.adventisti.lv\/index.php?rest_route=\/wp\/v2\/posts\/3527","targetHints":{"allow":["GET"]}}],"collection":[{"href":"https:\/\/www.valmiera.adventisti.lv\/index.php?rest_route=\/wp\/v2\/posts"}],"about":[{"href":"https:\/\/www.valmiera.adventisti.lv\/index.php?rest_route=\/wp\/v2\/types\/post"}],"author":[{"embeddable":true,"href":"https:\/\/www.valmiera.adventisti.lv\/index.php?rest_route=\/wp\/v2\/users\/5"}],"replies":[{"embeddable":true,"href":"https:\/\/www.valmiera.adventisti.lv\/index.php?rest_route=%2Fwp%2Fv2%2Fcomments&post=3527"}],"version-history":[{"count":1,"href":"https:\/\/www.valmiera.adventisti.lv\/index.php?rest_route=\/wp\/v2\/posts\/3527\/revisions"}],"predecessor-version":[{"id":3528,"href":"https:\/\/www.valmiera.adventisti.lv\/index.php?rest_route=\/wp\/v2\/posts\/3527\/revisions\/3528"}],"wp:attachment":[{"href":"https:\/\/www.valmiera.adventisti.lv\/index.php?rest_route=%2Fwp%2Fv2%2Fmedia&parent=3527"}],"wp:term":[{"taxonomy":"category","embeddable":true,"href":"https:\/\/www.valmiera.adventisti.lv\/index.php?rest_route=%2Fwp%2Fv2%2Fcategories&post=3527"},{"taxonomy":"post_tag","embeddable":true,"href":"https:\/\/www.valmiera.adventisti.lv\/index.php?rest_route=%2Fwp%2Fv2%2Ftags&post=3527"}],"curies":[{"name":"wp","href":"https:\/\/api.w.org\/{rel}","templated":true}]}}