{"id":3580,"date":"2022-03-01T11:20:27","date_gmt":"2022-03-01T09:20:27","guid":{"rendered":"https:\/\/www.valmiera.adventisti.lv\/?p=3580"},"modified":"2022-03-01T11:20:27","modified_gmt":"2022-03-01T09:20:27","slug":"dieva-vareniba","status":"publish","type":"post","link":"https:\/\/www.valmiera.adventisti.lv\/?p=3580","title":{"rendered":"Dieva varen\u012bba"},"content":{"rendered":"<p class=\"_d41d8cd98f00b204e9800998ecf8427e \">Dievs Vi\u0146u uzmodin\u0101ja no n\u0101ves.\u201d (Ap. d. 2:24) Pret satraukumu m\u0113s varam c\u012bn\u012bties ar zobenu, kur\u0101 ir iegrav\u0113ti v\u0101rdi \u201cDieva varen\u012bba\u201d. Kaut ar\u012b j\u016bsu uz\u0146\u0113muma apgroz\u012bjums sar\u016bk, Dievs joproj\u0101m ir varens. Kaut ar\u012b v\u0113zis ir atgriezies, Dievs joproj\u0101m s\u0113\u017e sav\u0101 tron\u012b. Ja dv\u0113seli p\u0101r\u0146em nemiers, Dievs dod drosmi.<\/p>\n<p><!--more--><\/p>\n<p class=\"_d41d8cd98f00b204e9800998ecf8427e \">Visaugst\u0101kais Dieva g\u0101d\u012bbas pier\u0101d\u012bjums ir Kristus n\u0101ve pie krusta. Nebija \u013caun\u0101ka soda par \u0161o. Dievs to zin\u0101ja, tom\u0113r savam D\u0113lam paredz\u0113ja tie\u0161i \u0161\u0101du ce\u013cu. Visi uzskat\u012bja, ka J\u0113zus dz\u012bve ar to pa\u0161u ir beigusies, bet Dievs dom\u0101ja cit\u0101di. Vi\u0146a D\u0113ls bija miris un apglab\u0101ts, bet Dievs Vi\u0146u uzmodin\u0101ja no miru\u0161ajiem. Dievs s\u0113ru dienu p\u0101rv\u0113rta aug\u0161\u0101mcel\u0161an\u0101s sv\u0113tkos. Vai Vi\u0146\u0161 ar\u012b j\u016bsu probl\u0113m\u0101s nevar sniegt pozit\u012bvu atrisin\u0101jumu?<\/p>\n","protected":false},"excerpt":{"rendered":"<p>Dievs Vi\u0146u uzmodin\u0101ja no n\u0101ves.\u201d (Ap. d. 2:24) Pret satraukumu m\u0113s varam c\u012bn\u012bties ar zobenu, kur\u0101 ir iegrav\u0113ti v\u0101rdi \u201cDieva varen\u012bba\u201d. Kaut ar\u012b j\u016bsu uz\u0146\u0113muma apgroz\u012bjums sar\u016bk, Dievs joproj\u0101m ir varens. Kaut ar\u012b v\u0113zis ir atgriezies, Dievs joproj\u0101m s\u0113\u017e sav\u0101 tron\u012b. Ja dv\u0113seli p\u0101r\u0146em nemiers, Dievs dod drosmi.<\/p>\n","protected":false},"author":5,"featured_media":0,"comment_status":"open","ping_status":"open","sticky":false,"template":"","format":"standard","meta":{"jetpack_post_was_ever_published":false,"_jetpack_newsletter_access":"","_jetpack_dont_email_post_to_subs":false,"_jetpack_newsletter_tier_id":0,"footnotes":""},"categories":[11],"tags":[],"class_list":["post-3580","post","type-post","status-publish","format-standard","hentry","category-ticiba"],"jetpack_featured_media_url":"","jetpack_shortlink":"https:\/\/wp.me\/pcEKB-VK","jetpack_sharing_enabled":true,"_links":{"self":[{"href":"https:\/\/www.valmiera.adventisti.lv\/index.php?rest_route=\/wp\/v2\/posts\/3580","targetHints":{"allow":["GET"]}}],"collection":[{"href":"https:\/\/www.valmiera.adventisti.lv\/index.php?rest_route=\/wp\/v2\/posts"}],"about":[{"href":"https:\/\/www.valmiera.adventisti.lv\/index.php?rest_route=\/wp\/v2\/types\/post"}],"author":[{"embeddable":true,"href":"https:\/\/www.valmiera.adventisti.lv\/index.php?rest_route=\/wp\/v2\/users\/5"}],"replies":[{"embeddable":true,"href":"https:\/\/www.valmiera.adventisti.lv\/index.php?rest_route=%2Fwp%2Fv2%2Fcomments&post=3580"}],"version-history":[{"count":1,"href":"https:\/\/www.valmiera.adventisti.lv\/index.php?rest_route=\/wp\/v2\/posts\/3580\/revisions"}],"predecessor-version":[{"id":3581,"href":"https:\/\/www.valmiera.adventisti.lv\/index.php?rest_route=\/wp\/v2\/posts\/3580\/revisions\/3581"}],"wp:attachment":[{"href":"https:\/\/www.valmiera.adventisti.lv\/index.php?rest_route=%2Fwp%2Fv2%2Fmedia&parent=3580"}],"wp:term":[{"taxonomy":"category","embeddable":true,"href":"https:\/\/www.valmiera.adventisti.lv\/index.php?rest_route=%2Fwp%2Fv2%2Fcategories&post=3580"},{"taxonomy":"post_tag","embeddable":true,"href":"https:\/\/www.valmiera.adventisti.lv\/index.php?rest_route=%2Fwp%2Fv2%2Ftags&post=3580"}],"curies":[{"name":"wp","href":"https:\/\/api.w.org\/{rel}","templated":true}]}}