{"id":410,"date":"2009-09-13T12:13:53","date_gmt":"2009-09-13T10:13:53","guid":{"rendered":"http:\/\/www.valmiera.adventisti.lv\/?p=410"},"modified":"2009-09-13T12:15:03","modified_gmt":"2009-09-13T10:15:03","slug":"mana-vertibu-skala-alda-zemeles-svetruna","status":"publish","type":"post","link":"https:\/\/www.valmiera.adventisti.lv\/?p=410","title":{"rendered":"Mana v\u0113rt\u012bbu skala &#8211; Alda Zemeles sv\u0113truna"},"content":{"rendered":"<p>Alda Z\u0113meles sv\u0113truna 12.09.2009: <a class=\"red\" href='http:\/\/www.valmiera.adventisti.lv\/wp-content\/uploads\/2009\/09\/Zemele_12.09.2009.mp3'>Klaus\u012bties<\/a><\/p>\n","protected":false},"excerpt":{"rendered":"<p>Alda Z\u0113meles sv\u0113truna 12.09.2009: Klaus\u012bties<\/p>\n","protected":false},"author":5,"featured_media":0,"comment_status":"open","ping_status":"open","sticky":false,"template":"","format":"standard","meta":{"jetpack_post_was_ever_published":false,"_jetpack_newsletter_access":"","_jetpack_dont_email_post_to_subs":false,"_jetpack_newsletter_tier_id":0,"footnotes":""},"categories":[19],"tags":[],"class_list":["post-410","post","type-post","status-publish","format-standard","hentry","category-svetrunas"],"jetpack_featured_media_url":"","jetpack_shortlink":"https:\/\/wp.me\/pcEKB-6C","jetpack_sharing_enabled":true,"_links":{"self":[{"href":"https:\/\/www.valmiera.adventisti.lv\/index.php?rest_route=\/wp\/v2\/posts\/410","targetHints":{"allow":["GET"]}}],"collection":[{"href":"https:\/\/www.valmiera.adventisti.lv\/index.php?rest_route=\/wp\/v2\/posts"}],"about":[{"href":"https:\/\/www.valmiera.adventisti.lv\/index.php?rest_route=\/wp\/v2\/types\/post"}],"author":[{"embeddable":true,"href":"https:\/\/www.valmiera.adventisti.lv\/index.php?rest_route=\/wp\/v2\/users\/5"}],"replies":[{"embeddable":true,"href":"https:\/\/www.valmiera.adventisti.lv\/index.php?rest_route=%2Fwp%2Fv2%2Fcomments&post=410"}],"version-history":[{"count":2,"href":"https:\/\/www.valmiera.adventisti.lv\/index.php?rest_route=\/wp\/v2\/posts\/410\/revisions"}],"predecessor-version":[{"id":412,"href":"https:\/\/www.valmiera.adventisti.lv\/index.php?rest_route=\/wp\/v2\/posts\/410\/revisions\/412"}],"wp:attachment":[{"href":"https:\/\/www.valmiera.adventisti.lv\/index.php?rest_route=%2Fwp%2Fv2%2Fmedia&parent=410"}],"wp:term":[{"taxonomy":"category","embeddable":true,"href":"https:\/\/www.valmiera.adventisti.lv\/index.php?rest_route=%2Fwp%2Fv2%2Fcategories&post=410"},{"taxonomy":"post_tag","embeddable":true,"href":"https:\/\/www.valmiera.adventisti.lv\/index.php?rest_route=%2Fwp%2Fv2%2Ftags&post=410"}],"curies":[{"name":"wp","href":"https:\/\/api.w.org\/{rel}","templated":true}]}}