{"id":8,"date":"2008-09-19T15:41:25","date_gmt":"2008-09-19T13:41:25","guid":{"rendered":"http:\/\/www.valmiera.adventisti.lv\/?p=8"},"modified":"2008-10-18T17:30:30","modified_gmt":"2008-10-18T15:30:30","slug":"kada-studenta-lieciba","status":"publish","type":"post","link":"https:\/\/www.valmiera.adventisti.lv\/?p=8","title":{"rendered":"K\u0101da studenta liec\u012bba&#8230;"},"content":{"rendered":"<p><strong>K\u0101da studenta liec\u012bba&#8230;<\/strong><br \/>\n<strong><br \/>\n(St\u0101sta ASV adventistu Dienvidu Universit\u0101tes studenti)<\/p>\n<p>Sp\u0113ks pr\u0101tam un sirdij<\/strong><\/p>\n<p>Es atceros dienu, kad mani l\u016bdza k\u013c\u016bt par ASV Dienvidu adventistu Universit\u0101tes prezidentu. Es biju konferences prezidents un m\u012bl\u0113ju savu darbu. Tom\u0113r man\u0101 sird\u012b bija \u012bpa\u0161a vieta Dienvidiem. M\u0113s \u010detrus gadus dz\u012bvoj\u0101m net\u0101lu no \u0161\u012bs vietas. M\u016bsu meita pabeidza \u0161o Dienvidu Universit\u0101ti, un es ar\u012b pazinu un m\u012bl\u0113ju daudzus Universit\u0101tes pasniedz\u0113jus. Un tom\u0113r izdar\u012bt l\u0113mumu bija \u013coti gr\u016bti.<\/p>\n<p>Un tad es praks\u0113 pielietoju tos so\u013cus, kurus biju atradis par visveiksm\u012bg\u0101kajiem, kad dz\u012bv\u0113 j\u0101pie\u0146em iz\u0161\u0137iro\u0161i l\u0113mumi.<\/p>\n<p>1. Es l\u016bdzu Dieva vad\u012bbu.<\/p>\n<p>2. Es pras\u012bju padomu tiem, kuriem uztic\u0113jos.<\/p>\n<p>3. Es apsv\u0113ru savas \u0123imenes vajadz\u012bbas.<\/p>\n<p>4. Kad biju visas \u0161\u012bs tr\u012bs iesp\u0113jas izmantojis, es sekoju savai sirdij.<\/p>\n<p>\u0160odien es zinu, ka l\u0113mums, kuru es pie\u0146\u0113mu, bija pareizs, un Dievs turpin\u0101ja sv\u0113t\u012bt mani katru reizi, kad es to atcer\u0113jos un mekl\u0113ju Vi\u0146a vad\u012bbu gan mazu, gan lielu l\u0113mumu pie\u0146em\u0161an\u0101.<\/p>\n<p><strong>&#8220;Pa\u013caujies uz to Kungu no visas sirds un nepa\u013caujies uz savu pr\u0101ta gudr\u012bbu, bet dom\u0101 uz to Kungu visos savos ce\u013cos, tad Vi\u0146\u0161 dar\u012bs l\u012bdzenas Tavas tekas.&#8221;<\/strong><\/p>\n<p>Sal. pam. 3:5,6.<\/p>\n<p>Verlune Starr<\/p>\n","protected":false},"excerpt":{"rendered":"<p>K\u0101da studenta liec\u012bba&#8230; (St\u0101sta ASV adventistu Dienvidu Universit\u0101tes studenti) Sp\u0113ks pr\u0101tam un sirdij Es atceros dienu, kad mani l\u016bdza k\u013c\u016bt par ASV Dienvidu adventistu Universit\u0101tes prezidentu. Es biju konferences prezidents un m\u012bl\u0113ju savu darbu. Tom\u0113r man\u0101 sird\u012b bija \u012bpa\u0161a vieta Dienvidiem. M\u0113s \u010detrus gadus dz\u012bvoj\u0101m net\u0101lu no \u0161\u012bs vietas. M\u016bsu meita pabeidza \u0161o Dienvidu Universit\u0101ti, [&hellip;]<\/p>\n","protected":false},"author":5,"featured_media":0,"comment_status":"open","ping_status":"open","sticky":false,"template":"","format":"standard","meta":{"jetpack_post_was_ever_published":false,"_jetpack_newsletter_access":"","_jetpack_dont_email_post_to_subs":false,"_jetpack_newsletter_tier_id":0,"footnotes":""},"categories":[11],"tags":[],"class_list":["post-8","post","type-post","status-publish","format-standard","hentry","category-ticiba"],"jetpack_featured_media_url":"","jetpack_shortlink":"https:\/\/wp.me\/pcEKB-8","jetpack_sharing_enabled":true,"_links":{"self":[{"href":"https:\/\/www.valmiera.adventisti.lv\/index.php?rest_route=\/wp\/v2\/posts\/8","targetHints":{"allow":["GET"]}}],"collection":[{"href":"https:\/\/www.valmiera.adventisti.lv\/index.php?rest_route=\/wp\/v2\/posts"}],"about":[{"href":"https:\/\/www.valmiera.adventisti.lv\/index.php?rest_route=\/wp\/v2\/types\/post"}],"author":[{"embeddable":true,"href":"https:\/\/www.valmiera.adventisti.lv\/index.php?rest_route=\/wp\/v2\/users\/5"}],"replies":[{"embeddable":true,"href":"https:\/\/www.valmiera.adventisti.lv\/index.php?rest_route=%2Fwp%2Fv2%2Fcomments&post=8"}],"version-history":[{"count":2,"href":"https:\/\/www.valmiera.adventisti.lv\/index.php?rest_route=\/wp\/v2\/posts\/8\/revisions"}],"predecessor-version":[{"id":15,"href":"https:\/\/www.valmiera.adventisti.lv\/index.php?rest_route=\/wp\/v2\/posts\/8\/revisions\/15"}],"wp:attachment":[{"href":"https:\/\/www.valmiera.adventisti.lv\/index.php?rest_route=%2Fwp%2Fv2%2Fmedia&parent=8"}],"wp:term":[{"taxonomy":"category","embeddable":true,"href":"https:\/\/www.valmiera.adventisti.lv\/index.php?rest_route=%2Fwp%2Fv2%2Fcategories&post=8"},{"taxonomy":"post_tag","embeddable":true,"href":"https:\/\/www.valmiera.adventisti.lv\/index.php?rest_route=%2Fwp%2Fv2%2Ftags&post=8"}],"curies":[{"name":"wp","href":"https:\/\/api.w.org\/{rel}","templated":true}]}}