{"id":898,"date":"2011-09-28T20:54:28","date_gmt":"2011-09-28T18:54:28","guid":{"rendered":"http:\/\/www.valmiera.adventisti.lv\/?p=898"},"modified":"2011-10-09T21:14:12","modified_gmt":"2011-10-09T19:14:12","slug":"plaujas-svetku-pateicibas-dievkalpojums-24-09-2011-%e2%80%93-viktora-geides-svetruna-%e2%80%9cplaujas-noslegums-tuvojas%e2%80%9d","status":"publish","type":"post","link":"https:\/\/www.valmiera.adventisti.lv\/?p=898","title":{"rendered":"P\u013caujas sv\u0113tku pateic\u012bbas dievkalpojums 24.09.2011. \u2013 Viktora Geides sv\u0113truna \u201cP\u013caujas nosl\u0113gums tuvojas\u201d"},"content":{"rendered":"<p>Dievkalpojums 24.09.2011: <a class=\"red\" target=\"_blanc\"href='http:\/\/www.valmiera.adventisti.lv\/wp-content\/uploads\/2011\/09\/2011-09-24.mp3' onclick=\"window.open('http:\/\/www.valmiera.adventisti.lv\/wp-content\/uploads\/2011\/09\/2011-09-24.mp3','Dievkalpojums','width=320,height=50,left=650,top=350');return false;\">Klaus\u012bties<\/a><\/p>\n<table width=\"100%\" border=\"0\" cellspacing=\"3\" cellpadding=\"3\">\n<tr>\n<td><a href=\"http:\/\/www.valmiera.adventisti.lv\/wp-content\/uploads\/2011\/09\/bildes\/001.jpg\" title=\"P\u013caujas sv\u0113tku pateic\u012bbas dievkalpojums\" rel=\"lytebox\"><img loading=\"lazy\" decoding=\"async\" src=\"http:\/\/www.valmiera.adventisti.lv\/wp-content\/uploads\/2011\/09\/bildes\/001.jpg\" border=\"0\" width=\"150\" height=\"120\" style=\"margin: 5px; padding: 7px; border: 1px solid #cccccc;\" \/><\/a><\/td>\n<td><a href=\"http:\/\/www.valmiera.adventisti.lv\/wp-content\/uploads\/2011\/09\/bildes\/002.jpg\" title=\"P\u013caujas sv\u0113tku pateic\u012bbas dievkalpojums\" rel=\"lytebox\"><img loading=\"lazy\" decoding=\"async\" src=\"http:\/\/www.valmiera.adventisti.lv\/wp-content\/uploads\/2011\/09\/bildes\/002.jpg\" border=\"0\" width=\"180\" height=\"120\" style=\"margin: 5px; padding: 7px; border: 1px solid #cccccc;\" \/><\/a><\/td>\n<td><a href=\"http:\/\/www.valmiera.adventisti.lv\/wp-content\/uploads\/2011\/09\/bildes\/003.jpg\" title=\"P\u013caujas sv\u0113tku pateic\u012bbas dievkalpojums\" rel=\"lytebox\"><img loading=\"lazy\" decoding=\"async\" src=\"http:\/\/www.valmiera.adventisti.lv\/wp-content\/uploads\/2011\/09\/bildes\/003.jpg\" border=\"0\" width=\"80\" height=\"120\" style=\"margin: 5px; padding: 7px; border: 1px solid #cccccc;\" \/><\/a><\/td>\n<\/tr>\n<\/table>\n","protected":false},"excerpt":{"rendered":"<p>Dievkalpojums 24.09.2011: Klaus\u012bties<\/p>\n","protected":false},"author":5,"featured_media":0,"comment_status":"open","ping_status":"open","sticky":false,"template":"","format":"standard","meta":{"jetpack_post_was_ever_published":false,"_jetpack_newsletter_access":"","_jetpack_dont_email_post_to_subs":false,"_jetpack_newsletter_tier_id":0,"footnotes":""},"categories":[19],"tags":[],"class_list":["post-898","post","type-post","status-publish","format-standard","hentry","category-svetrunas"],"jetpack_featured_media_url":"","jetpack_shortlink":"https:\/\/wp.me\/pcEKB-eu","jetpack_sharing_enabled":true,"_links":{"self":[{"href":"https:\/\/www.valmiera.adventisti.lv\/index.php?rest_route=\/wp\/v2\/posts\/898","targetHints":{"allow":["GET"]}}],"collection":[{"href":"https:\/\/www.valmiera.adventisti.lv\/index.php?rest_route=\/wp\/v2\/posts"}],"about":[{"href":"https:\/\/www.valmiera.adventisti.lv\/index.php?rest_route=\/wp\/v2\/types\/post"}],"author":[{"embeddable":true,"href":"https:\/\/www.valmiera.adventisti.lv\/index.php?rest_route=\/wp\/v2\/users\/5"}],"replies":[{"embeddable":true,"href":"https:\/\/www.valmiera.adventisti.lv\/index.php?rest_route=%2Fwp%2Fv2%2Fcomments&post=898"}],"version-history":[{"count":13,"href":"https:\/\/www.valmiera.adventisti.lv\/index.php?rest_route=\/wp\/v2\/posts\/898\/revisions"}],"predecessor-version":[{"id":915,"href":"https:\/\/www.valmiera.adventisti.lv\/index.php?rest_route=\/wp\/v2\/posts\/898\/revisions\/915"}],"wp:attachment":[{"href":"https:\/\/www.valmiera.adventisti.lv\/index.php?rest_route=%2Fwp%2Fv2%2Fmedia&parent=898"}],"wp:term":[{"taxonomy":"category","embeddable":true,"href":"https:\/\/www.valmiera.adventisti.lv\/index.php?rest_route=%2Fwp%2Fv2%2Fcategories&post=898"},{"taxonomy":"post_tag","embeddable":true,"href":"https:\/\/www.valmiera.adventisti.lv\/index.php?rest_route=%2Fwp%2Fv2%2Ftags&post=898"}],"curies":[{"name":"wp","href":"https:\/\/api.w.org\/{rel}","templated":true}]}}